{"id":11245,"date":"2023-04-26T11:00:00","date_gmt":"2023-04-26T11:00:00","guid":{"rendered":"https:\/\/preprod.sts-education.com\/blog\/2026\/03\/05\/cedric-tillbringade-ett-ar-utomlands-i-kanada\/"},"modified":"2026-04-27T12:29:45","modified_gmt":"2026-04-27T12:29:45","slug":"cedric-tillbringade-ett-ar-utomlands-i-kanada","status":"publish","type":"post","link":"https:\/\/www.sts-education.com\/se\/high-school\/vara-utbytesstudenter\/studentberattelser\/cedric-tillbringade-ett-ar-utomlands-i-kanada\/","title":{"rendered":"Cedric tillbringade ett \u00e5r utomlands i Kanada"},"content":{"rendered":"\n<div class=\"wp-block-sts-text sts-text-editor has-max-width-md\"><div class=\"sts-text-editor__content\"><div class=\"sts-text-editor__content-inner\">\n<h1 style=\"text-align:center\">Cedric tillbringade ett \u00e5r utomlands i Kanada<\/h1>\n<\/div><\/div><\/div>\n\n\n\n<div class=\"wp-block-sts-text sts-text-editor has-max-width-md\"><div class=\"sts-text-editor__content\"><div class=\"sts-text-editor__content-inner\">\n<p><em>Cedric fr\u00e5n Schweiz var p\u00e5 utbyte i Kanada.<\/em><\/p>\n<h2>Vart \u00e5kte du och varf\u00f6r?<\/h2>\n<p>Jag \u00e5kte till Kanada, mest f\u00f6r att mina f\u00f6r\u00e4ldrar ans\u00e5g att det var ett s\u00e4krare alternativ \u00e4n USA, dit jag ursprungligen ville \u00e5ka. Jag \u00e5ngrar verkligen inte att jag \u00e5kte till Kanada. Det \u00e4r v\u00e4ldigt likt USA.<\/p>\n<h2>Varf\u00f6r \u00e5kte du p\u00e5 utbyte?<\/h2>\n<p>Mest f\u00f6r att jag ville uppleva mer av vad v\u00e4rlden har att erbjuda medan jag fortfarande var ung, och \u00e4ven f\u00f6r att f\u00f6rb\u00e4ttra min engelska.<\/p>\n<h2>Hur var det att bo hos en v\u00e4rdfamilj?<\/h2>\n<p>Det var en ganska h\u00e4ftig upplevelse! Om du \u00e4r n\u00e4ra din v\u00e4rdfamilj \u00e4r det som att bo i ett hus med dina b\u00e4sta v\u00e4nner. Men jag saknade min schweiziska familj.<\/p>\n<h2>Hur var det i skolan?<\/h2>\n<p>Skolan var v\u00e4ldigt intressant. Det \u00e4r mycket enklare \u00e4n i Schweiz eftersom du f\u00e5r skapa ditt eget schema efter dina intressen. Proven \u00e4r inte lika sv\u00e5ra och du har mer fritid, vilket g\u00f6r att du kan utforska landet och dess kultur.<\/p>\n<h2>Vad gjorde du p\u00e5 din fritid? N\u00e5gra nya hobbies?<\/h2>\n<p>Eftersom jag bodde ganska avsides b\u00f6rjade jag med vandring. Jag brukade ta timsl\u00e5nga promenader i naturen. Med v\u00e4nner \u00e5kte jag ofta in till stan f\u00f6r att g\u00e5 till k\u00f6pcentret eller g\u00e5 ut och \u00e4ta.<\/p>\n<h2>Var det l\u00e4tt\/sv\u00e5rt att f\u00e5 v\u00e4nner?<\/h2>\n<p>Att hitta v\u00e4nner var v\u00e4ldigt l\u00e4tt f\u00f6r mig eftersom jag \u00e4r en extrovert person. Kanadensare \u00e4r dessutom v\u00e4ldigt v\u00e4nliga, s\u00e5 att g\u00e5 fram till folk och b\u00f6rja prata ledde ofta till nya v\u00e4nskaper.<\/p>\n<h2>Vad var din st\u00f6rsta utmaning? Hur lyckades du \u00f6vervinna den?<\/h2>\n<p>En stor utmaning f\u00f6r mig var att bo s\u00e5 avsides. Ingenting fanns egentligen inom g\u00e5ngavst\u00e5nd. Staden l\u00e5g bara 30 minuter bort med bil, men eftersom det inte fanns n\u00e5gon kollektivtrafik var jag alltid tvungen att be mina v\u00e4nner eller min v\u00e4rdfamilj att k\u00f6ra mig. Eftersom alla mina v\u00e4nner gick i 12:e klass var det inget problem eftersom de alla k\u00f6rde bil. Men det var lite av en utmaning n\u00e4r jag f\u00f6rst anl\u00e4nde och inte hade f\u00e5tt s\u00e5 m\u00e5nga v\u00e4nner \u00e4nnu. En annan utmaning var det extremt kalla v\u00e4dret. Ibland l\u00e5ste v\u00e4dret in oss i flera dagar eftersom v\u00e4garna var s\u00e5 d\u00e5liga att de var tvungna att st\u00e4lla in skolan.<\/p>\n<h2>Vad var det b\u00e4sta med ditt utbytes\u00e5r?<\/h2>\n<p>Det b\u00e4sta med mitt utbytes\u00e5r \u00e4r alla de v\u00e4nner jag fick. Jag har fortfarande kontakt med dem och ska bes\u00f6ka dem i sommar.<\/p>\n<h2>Vilket \u00e4r ditt b\u00e4sta minne?<\/h2>\n<p>Mitt b\u00e4sta minne \u00e4r Canada Day, den 1 juli. Det var min sista natt i Kanada, och jag var tillsammans med alla mina v\u00e4nner och fick ta farv\u00e4l av dem. Det var otroligt sorgligt men ocks\u00e5 v\u00e4ldigt vackert eftersom det var fyrverkerier och allm\u00e4nt en fantastisk st\u00e4mning.<\/p>\n<h2>Vilka \u00e4r dina viktigaste l\u00e4rdomar?<\/h2>\n<p>S\u00e4g aldrig nej till nya upplevelser, och ett farv\u00e4l varar inte f\u00f6r evigt.<\/p>\n<h2>Kan du rekommendera att \u00e5ka?<\/h2>\n<p>Ja, absolut!<\/p>\n<h2>Varf\u00f6r ska man \u00e5ka p\u00e5 utbyte?<\/h2>\n<p>F\u00f6r att f\u00e5 uppleva mer av vad v\u00e4rlden har att erbjuda och f\u00f6r att l\u00e4ra sig fr\u00e4mmande spr\u00e5k.<\/p>\n<h2>Dina b\u00e4sta r\u00e5d?<\/h2>\n<ol><li>F\u00f6rs\u00f6k inte skaffa en flickv\u00e4n, eftersom det kommer att ta slut n\u00e4r du \u00e5ker hem, vilket \u00e4r oundvikligt.<\/li>\n<li>Tillbringa s\u00e5 mycket tid som m\u00f6jligt med dina v\u00e4nner och din v\u00e4rdfamilj.<\/li>\n<li>Sl\u00e4pp din telefon.<\/li><\/ol>\n<h2>Varf\u00f6r valde du STS?<\/h2>\n<p>F\u00f6r att mina v\u00e4nner rekommenderade STS och f\u00f6r att de erbj\u00f6d high school-utbyte i Kanada.<\/p>\n<h2>Var du n\u00f6jd med STS?<\/h2>\n<p>Ja, v\u00e4ldigt. Jag fick alltid svar p\u00e5 alla mina fr\u00e5gor och allt sk\u00f6ttes professionellt.<\/p>\n<h2>Vad g\u00f6r du nu?<\/h2>\n<p>Jag g\u00e5r fortfarande i skolan i Schweiz och kommer att ta examen sommaren 2024.<\/p>\n<h2>Hur kommer ditt utbyte att p\u00e5verka din framtid?<\/h2>\n<p>P\u00e5 flera olika s\u00e4tt. Jag har f\u00f6rb\u00e4ttrat min engelska, vilket \u00e4r v\u00e4ldigt viktigt f\u00f6r vad jag vill g\u00f6ra i framtiden. Jag har ocks\u00e5 f\u00e5tt n\u00e5gra v\u00e4nner som jag f\u00f6rmodligen kommer att beh\u00e5lla resten av livet. Det har ocks\u00e5 gjort mig mycket mer mogen eftersom man inte har sina f\u00f6r\u00e4ldrar i n\u00e4rheten hela tiden.<\/p>\n<h2>Vill du veta mer?<\/h2>\n<ul><li>L\u00e4s fler <a href=\"https:\/\/www.sts-education.com\/se\/high-school\/vara-utbytesstudenter\/studentberattelser\/?hashtag=Kanada\">studentber\u00e4ttelser fr\u00e5n Kanada<\/a><\/li>\n<li>L\u00e4s mer om ett <a href=\"https:\/\/www.sts-education.com\/se\/high-school\/destinationer\/nordamerika\/kanada\/\">high school-utbyte i Kanada<\/a><\/li>\n<li>Se alla v\u00e5ra <a href=\"\/se\/high-school\/tripfinder\/\">utbytesdestinationer f\u00f6r high school<\/a><\/li><\/ul>\n<\/div><\/div><\/div>\n","protected":false},"excerpt":{"rendered":"","protected":false},"author":20,"featured_media":14640,"comment_status":"open","ping_status":"open","sticky":false,"template":"","format":"standard","meta":{"_acf_changed":false,"_yoast_wpseo_title":"Cedric tillbringade ett \u00e5r utomlands i Kanada","_yoast_wpseo_metadesc":"Jag \u00e5kte till Kanada, mest f\u00f6r att mina f\u00f6r\u00e4ldrar ans\u00e5g att det var ett s\u00e4krare alternativ \u00e4n USA, dit jag ursprungligen ville \u00e5ka.","footnotes":""},"categories":[326],"tags":[1033],"wpw_post_folders":[],"class_list":["post-11245","post","type-post","status-publish","format-standard","has-post-thumbnail","hentry","category-okategoriserad","tag-kanada"],"acf":[],"yoast_head":"<!-- This site is optimized with the Yoast SEO Premium plugin v27.2 (Yoast SEO v27.2) - https:\/\/yoast.com\/product\/yoast-seo-premium-wordpress\/ -->\n<title>Cedric tillbringade ett \u00e5r utomlands i Kanada<\/title>\n<meta name=\"description\" content=\"Jag \u00e5kte till Kanada, mest f\u00f6r att mina f\u00f6r\u00e4ldrar ans\u00e5g att det var ett s\u00e4krare alternativ \u00e4n USA, dit jag ursprungligen ville \u00e5ka.\" \/>\n<meta name=\"robots\" content=\"index, follow, max-snippet:-1, max-image-preview:large, max-video-preview:-1\" \/>\n<link rel=\"canonical\" href=\"https:\/\/www.sts-education.com\/se\/high-school\/vara-utbytesstudenter\/studentberattelser\/cedric-tillbringade-ett-ar-utomlands-i-kanada\/\" \/>\n<meta property=\"og:locale\" content=\"sv_SE\" \/>\n<meta property=\"og:type\" content=\"article\" \/>\n<meta property=\"og:title\" content=\"Cedric tillbringade ett \u00e5r utomlands i Kanada\" \/>\n<meta property=\"og:description\" content=\"Jag \u00e5kte till Kanada, mest f\u00f6r att mina f\u00f6r\u00e4ldrar ans\u00e5g att det var ett s\u00e4krare alternativ \u00e4n USA, dit jag ursprungligen ville \u00e5ka.\" \/>\n<meta property=\"og:url\" content=\"https:\/\/www.sts-education.com\/se\/high-school\/vara-utbytesstudenter\/studentberattelser\/cedric-tillbringade-ett-ar-utomlands-i-kanada\/\" \/>\n<meta property=\"og:site_name\" content=\"STS Education\" \/>\n<meta property=\"article:published_time\" content=\"2023-04-26T11:00:00+00:00\" \/>\n<meta property=\"article:modified_time\" content=\"2026-04-27T12:29:45+00:00\" \/>\n<meta property=\"og:image\" content=\"https:\/\/powered-by.qbank.se\/educatius\/sts\/\/3d2c58b49ad56f76a00a991fdb283798_1-1-thumb.webp\" \/>\n\t<meta property=\"og:image:width\" content=\"150\" \/>\n\t<meta property=\"og:image:height\" content=\"150\" \/>\n\t<meta property=\"og:image:type\" content=\"image\/jpeg\" \/>\n<meta name=\"author\" content=\"syncreadwrite\" \/>\n<meta name=\"twitter:card\" content=\"summary_large_image\" \/>\n<meta name=\"twitter:label1\" content=\"Skriven av\" \/>\n\t<meta name=\"twitter:data1\" content=\"syncreadwrite\" \/>\n\t<meta name=\"twitter:label2\" content=\"Ber\u00e4knad l\u00e4stid\" \/>\n\t<meta name=\"twitter:data2\" content=\"4 minuter\" \/>\n<script type=\"application\/ld+json\" class=\"yoast-schema-graph\">{\"@context\":\"https:\/\/schema.org\",\"@graph\":[{\"@type\":\"Article\",\"@id\":\"https:\/\/www.sts-education.com\/se\/high-school\/vara-utbytesstudenter\/studentberattelser\/cedric-tillbringade-ett-ar-utomlands-i-kanada\/#article\",\"isPartOf\":{\"@id\":\"https:\/\/www.sts-education.com\/se\/high-school\/vara-utbytesstudenter\/studentberattelser\/cedric-tillbringade-ett-ar-utomlands-i-kanada\/\"},\"author\":{\"name\":\"syncreadwrite\",\"@id\":\"https:\/\/www.sts-education.com\/se\/#\/schema\/person\/8b82f3a2e45f020b8f296d7a85d9a97c\"},\"headline\":\"Cedric tillbringade ett \u00e5r utomlands i Kanada\",\"datePublished\":\"2023-04-26T11:00:00+00:00\",\"dateModified\":\"2026-04-27T12:29:45+00:00\",\"mainEntityOfPage\":{\"@id\":\"https:\/\/www.sts-education.com\/se\/high-school\/vara-utbytesstudenter\/studentberattelser\/cedric-tillbringade-ett-ar-utomlands-i-kanada\/\"},\"wordCount\":815,\"commentCount\":0,\"image\":{\"@id\":\"https:\/\/www.sts-education.com\/se\/high-school\/vara-utbytesstudenter\/studentberattelser\/cedric-tillbringade-ett-ar-utomlands-i-kanada\/#primaryimage\"},\"thumbnailUrl\":\"https:\/\/powered-by.qbank.se\/educatius\/sts\/\/3d2c58b49ad56f76a00a991fdb283798_1-1-thumb.webp\",\"keywords\":[\"Kanada\"],\"articleSection\":[\"Okategoriserad\"],\"inLanguage\":\"sv-SE\",\"potentialAction\":[{\"@type\":\"CommentAction\",\"name\":\"Comment\",\"target\":[\"https:\/\/www.sts-education.com\/se\/high-school\/vara-utbytesstudenter\/studentberattelser\/cedric-tillbringade-ett-ar-utomlands-i-kanada\/#respond\"]}]},{\"@type\":\"WebPage\",\"@id\":\"https:\/\/www.sts-education.com\/se\/high-school\/vara-utbytesstudenter\/studentberattelser\/cedric-tillbringade-ett-ar-utomlands-i-kanada\/\",\"url\":\"https:\/\/www.sts-education.com\/se\/high-school\/vara-utbytesstudenter\/studentberattelser\/cedric-tillbringade-ett-ar-utomlands-i-kanada\/\",\"name\":\"Cedric tillbringade ett \u00e5r utomlands i Kanada\",\"isPartOf\":{\"@id\":\"https:\/\/www.sts-education.com\/se\/#website\"},\"primaryImageOfPage\":{\"@id\":\"https:\/\/www.sts-education.com\/se\/high-school\/vara-utbytesstudenter\/studentberattelser\/cedric-tillbringade-ett-ar-utomlands-i-kanada\/#primaryimage\"},\"image\":{\"@id\":\"https:\/\/www.sts-education.com\/se\/high-school\/vara-utbytesstudenter\/studentberattelser\/cedric-tillbringade-ett-ar-utomlands-i-kanada\/#primaryimage\"},\"thumbnailUrl\":\"https:\/\/powered-by.qbank.se\/educatius\/sts\/\/3d2c58b49ad56f76a00a991fdb283798_1-1-thumb.webp\",\"datePublished\":\"2023-04-26T11:00:00+00:00\",\"dateModified\":\"2026-04-27T12:29:45+00:00\",\"author\":{\"@id\":\"https:\/\/www.sts-education.com\/se\/#\/schema\/person\/8b82f3a2e45f020b8f296d7a85d9a97c\"},\"description\":\"Jag \u00e5kte till Kanada, mest f\u00f6r att mina f\u00f6r\u00e4ldrar ans\u00e5g att det var ett s\u00e4krare alternativ \u00e4n USA, dit jag ursprungligen ville \u00e5ka.\",\"breadcrumb\":{\"@id\":\"https:\/\/www.sts-education.com\/se\/high-school\/vara-utbytesstudenter\/studentberattelser\/cedric-tillbringade-ett-ar-utomlands-i-kanada\/#breadcrumb\"},\"inLanguage\":\"sv-SE\",\"potentialAction\":[{\"@type\":\"ReadAction\",\"target\":[\"https:\/\/www.sts-education.com\/se\/high-school\/vara-utbytesstudenter\/studentberattelser\/cedric-tillbringade-ett-ar-utomlands-i-kanada\/\"]}]},{\"@type\":\"ImageObject\",\"inLanguage\":\"sv-SE\",\"@id\":\"https:\/\/www.sts-education.com\/se\/high-school\/vara-utbytesstudenter\/studentberattelser\/cedric-tillbringade-ett-ar-utomlands-i-kanada\/#primaryimage\",\"url\":\"https:\/\/powered-by.qbank.se\/educatius\/sts\/\/3d2c58b49ad56f76a00a991fdb283798_1-1-thumb.webp\",\"contentUrl\":\"https:\/\/powered-by.qbank.se\/educatius\/sts\/\/3d2c58b49ad56f76a00a991fdb283798_1-1-thumb.webp\",\"width\":150,\"height\":150},{\"@type\":\"BreadcrumbList\",\"@id\":\"https:\/\/www.sts-education.com\/se\/high-school\/vara-utbytesstudenter\/studentberattelser\/cedric-tillbringade-ett-ar-utomlands-i-kanada\/#breadcrumb\",\"itemListElement\":[{\"@type\":\"ListItem\",\"position\":1,\"name\":\"Home\",\"item\":\"https:\/\/www.sts-education.com\/se\/\"},{\"@type\":\"ListItem\",\"position\":2,\"name\":\"Cedric tillbringade ett \u00e5r utomlands i Kanada\"}]},{\"@type\":\"WebSite\",\"@id\":\"https:\/\/www.sts-education.com\/se\/#website\",\"url\":\"https:\/\/www.sts-education.com\/se\/\",\"name\":\"STS Education\",\"description\":\"\",\"potentialAction\":[{\"@type\":\"SearchAction\",\"target\":{\"@type\":\"EntryPoint\",\"urlTemplate\":\"https:\/\/www.sts-education.com\/se\/?s={search_term_string}\"},\"query-input\":{\"@type\":\"PropertyValueSpecification\",\"valueRequired\":true,\"valueName\":\"search_term_string\"}}],\"inLanguage\":\"sv-SE\"},{\"@type\":\"Person\",\"@id\":\"https:\/\/www.sts-education.com\/se\/#\/schema\/person\/8b82f3a2e45f020b8f296d7a85d9a97c\",\"name\":\"syncreadwrite\",\"image\":{\"@type\":\"ImageObject\",\"inLanguage\":\"sv-SE\",\"@id\":\"https:\/\/secure.gravatar.com\/avatar\/6ed1007e4f6f43f22e3df41d9fce4365533cba47fef64bb359b8e629abbc2ea6?s=96&d=mm&r=g\",\"url\":\"https:\/\/secure.gravatar.com\/avatar\/6ed1007e4f6f43f22e3df41d9fce4365533cba47fef64bb359b8e629abbc2ea6?s=96&d=mm&r=g\",\"contentUrl\":\"https:\/\/secure.gravatar.com\/avatar\/6ed1007e4f6f43f22e3df41d9fce4365533cba47fef64bb359b8e629abbc2ea6?s=96&d=mm&r=g\",\"caption\":\"syncreadwrite\"},\"url\":\"https:\/\/www.sts-education.com\/se\/author\/syncreadwrite\/\"}]}<\/script>\n<!-- \/ Yoast SEO Premium plugin. -->","yoast_head_json":{"title":"Cedric tillbringade ett \u00e5r utomlands i Kanada","description":"Jag \u00e5kte till Kanada, mest f\u00f6r att mina f\u00f6r\u00e4ldrar ans\u00e5g att det var ett s\u00e4krare alternativ \u00e4n USA, dit jag ursprungligen ville \u00e5ka.","robots":{"index":"index","follow":"follow","max-snippet":"max-snippet:-1","max-image-preview":"max-image-preview:large","max-video-preview":"max-video-preview:-1"},"canonical":"https:\/\/www.sts-education.com\/se\/high-school\/vara-utbytesstudenter\/studentberattelser\/cedric-tillbringade-ett-ar-utomlands-i-kanada\/","og_locale":"sv_SE","og_type":"article","og_title":"Cedric tillbringade ett \u00e5r utomlands i Kanada","og_description":"Jag \u00e5kte till Kanada, mest f\u00f6r att mina f\u00f6r\u00e4ldrar ans\u00e5g att det var ett s\u00e4krare alternativ \u00e4n USA, dit jag ursprungligen ville \u00e5ka.","og_url":"https:\/\/www.sts-education.com\/se\/high-school\/vara-utbytesstudenter\/studentberattelser\/cedric-tillbringade-ett-ar-utomlands-i-kanada\/","og_site_name":"STS Education","article_published_time":"2023-04-26T11:00:00+00:00","article_modified_time":"2026-04-27T12:29:45+00:00","og_image":[{"width":150,"height":150,"url":"https:\/\/powered-by.qbank.se\/educatius\/sts\/\/3d2c58b49ad56f76a00a991fdb283798_1-1-thumb.webp","type":"image\/jpeg"}],"author":"syncreadwrite","twitter_card":"summary_large_image","twitter_misc":{"Skriven av":"syncreadwrite","Ber\u00e4knad l\u00e4stid":"4 minuter"},"schema":{"@context":"https:\/\/schema.org","@graph":[{"@type":"Article","@id":"https:\/\/www.sts-education.com\/se\/high-school\/vara-utbytesstudenter\/studentberattelser\/cedric-tillbringade-ett-ar-utomlands-i-kanada\/#article","isPartOf":{"@id":"https:\/\/www.sts-education.com\/se\/high-school\/vara-utbytesstudenter\/studentberattelser\/cedric-tillbringade-ett-ar-utomlands-i-kanada\/"},"author":{"name":"syncreadwrite","@id":"https:\/\/www.sts-education.com\/se\/#\/schema\/person\/8b82f3a2e45f020b8f296d7a85d9a97c"},"headline":"Cedric tillbringade ett \u00e5r utomlands i Kanada","datePublished":"2023-04-26T11:00:00+00:00","dateModified":"2026-04-27T12:29:45+00:00","mainEntityOfPage":{"@id":"https:\/\/www.sts-education.com\/se\/high-school\/vara-utbytesstudenter\/studentberattelser\/cedric-tillbringade-ett-ar-utomlands-i-kanada\/"},"wordCount":815,"commentCount":0,"image":{"@id":"https:\/\/www.sts-education.com\/se\/high-school\/vara-utbytesstudenter\/studentberattelser\/cedric-tillbringade-ett-ar-utomlands-i-kanada\/#primaryimage"},"thumbnailUrl":"https:\/\/powered-by.qbank.se\/educatius\/sts\/\/3d2c58b49ad56f76a00a991fdb283798_1-1-thumb.webp","keywords":["Kanada"],"articleSection":["Okategoriserad"],"inLanguage":"sv-SE","potentialAction":[{"@type":"CommentAction","name":"Comment","target":["https:\/\/www.sts-education.com\/se\/high-school\/vara-utbytesstudenter\/studentberattelser\/cedric-tillbringade-ett-ar-utomlands-i-kanada\/#respond"]}]},{"@type":"WebPage","@id":"https:\/\/www.sts-education.com\/se\/high-school\/vara-utbytesstudenter\/studentberattelser\/cedric-tillbringade-ett-ar-utomlands-i-kanada\/","url":"https:\/\/www.sts-education.com\/se\/high-school\/vara-utbytesstudenter\/studentberattelser\/cedric-tillbringade-ett-ar-utomlands-i-kanada\/","name":"Cedric tillbringade ett \u00e5r utomlands i Kanada","isPartOf":{"@id":"https:\/\/www.sts-education.com\/se\/#website"},"primaryImageOfPage":{"@id":"https:\/\/www.sts-education.com\/se\/high-school\/vara-utbytesstudenter\/studentberattelser\/cedric-tillbringade-ett-ar-utomlands-i-kanada\/#primaryimage"},"image":{"@id":"https:\/\/www.sts-education.com\/se\/high-school\/vara-utbytesstudenter\/studentberattelser\/cedric-tillbringade-ett-ar-utomlands-i-kanada\/#primaryimage"},"thumbnailUrl":"https:\/\/powered-by.qbank.se\/educatius\/sts\/\/3d2c58b49ad56f76a00a991fdb283798_1-1-thumb.webp","datePublished":"2023-04-26T11:00:00+00:00","dateModified":"2026-04-27T12:29:45+00:00","author":{"@id":"https:\/\/www.sts-education.com\/se\/#\/schema\/person\/8b82f3a2e45f020b8f296d7a85d9a97c"},"description":"Jag \u00e5kte till Kanada, mest f\u00f6r att mina f\u00f6r\u00e4ldrar ans\u00e5g att det var ett s\u00e4krare alternativ \u00e4n USA, dit jag ursprungligen ville \u00e5ka.","breadcrumb":{"@id":"https:\/\/www.sts-education.com\/se\/high-school\/vara-utbytesstudenter\/studentberattelser\/cedric-tillbringade-ett-ar-utomlands-i-kanada\/#breadcrumb"},"inLanguage":"sv-SE","potentialAction":[{"@type":"ReadAction","target":["https:\/\/www.sts-education.com\/se\/high-school\/vara-utbytesstudenter\/studentberattelser\/cedric-tillbringade-ett-ar-utomlands-i-kanada\/"]}]},{"@type":"ImageObject","inLanguage":"sv-SE","@id":"https:\/\/www.sts-education.com\/se\/high-school\/vara-utbytesstudenter\/studentberattelser\/cedric-tillbringade-ett-ar-utomlands-i-kanada\/#primaryimage","url":"https:\/\/powered-by.qbank.se\/educatius\/sts\/\/3d2c58b49ad56f76a00a991fdb283798_1-1-thumb.webp","contentUrl":"https:\/\/powered-by.qbank.se\/educatius\/sts\/\/3d2c58b49ad56f76a00a991fdb283798_1-1-thumb.webp","width":150,"height":150},{"@type":"BreadcrumbList","@id":"https:\/\/www.sts-education.com\/se\/high-school\/vara-utbytesstudenter\/studentberattelser\/cedric-tillbringade-ett-ar-utomlands-i-kanada\/#breadcrumb","itemListElement":[{"@type":"ListItem","position":1,"name":"Home","item":"https:\/\/www.sts-education.com\/se\/"},{"@type":"ListItem","position":2,"name":"Cedric tillbringade ett \u00e5r utomlands i Kanada"}]},{"@type":"WebSite","@id":"https:\/\/www.sts-education.com\/se\/#website","url":"https:\/\/www.sts-education.com\/se\/","name":"STS Education","description":"","potentialAction":[{"@type":"SearchAction","target":{"@type":"EntryPoint","urlTemplate":"https:\/\/www.sts-education.com\/se\/?s={search_term_string}"},"query-input":{"@type":"PropertyValueSpecification","valueRequired":true,"valueName":"search_term_string"}}],"inLanguage":"sv-SE"},{"@type":"Person","@id":"https:\/\/www.sts-education.com\/se\/#\/schema\/person\/8b82f3a2e45f020b8f296d7a85d9a97c","name":"syncreadwrite","image":{"@type":"ImageObject","inLanguage":"sv-SE","@id":"https:\/\/secure.gravatar.com\/avatar\/6ed1007e4f6f43f22e3df41d9fce4365533cba47fef64bb359b8e629abbc2ea6?s=96&d=mm&r=g","url":"https:\/\/secure.gravatar.com\/avatar\/6ed1007e4f6f43f22e3df41d9fce4365533cba47fef64bb359b8e629abbc2ea6?s=96&d=mm&r=g","contentUrl":"https:\/\/secure.gravatar.com\/avatar\/6ed1007e4f6f43f22e3df41d9fce4365533cba47fef64bb359b8e629abbc2ea6?s=96&d=mm&r=g","caption":"syncreadwrite"},"url":"https:\/\/www.sts-education.com\/se\/author\/syncreadwrite\/"}]}},"_links":{"self":[{"href":"https:\/\/www.sts-education.com\/se\/wp-json\/wp\/v2\/posts\/11245","targetHints":{"allow":["GET"]}}],"collection":[{"href":"https:\/\/www.sts-education.com\/se\/wp-json\/wp\/v2\/posts"}],"about":[{"href":"https:\/\/www.sts-education.com\/se\/wp-json\/wp\/v2\/types\/post"}],"author":[{"embeddable":true,"href":"https:\/\/www.sts-education.com\/se\/wp-json\/wp\/v2\/users\/20"}],"replies":[{"embeddable":true,"href":"https:\/\/www.sts-education.com\/se\/wp-json\/wp\/v2\/comments?post=11245"}],"version-history":[{"count":7,"href":"https:\/\/www.sts-education.com\/se\/wp-json\/wp\/v2\/posts\/11245\/revisions"}],"predecessor-version":[{"id":41914,"href":"https:\/\/www.sts-education.com\/se\/wp-json\/wp\/v2\/posts\/11245\/revisions\/41914"}],"wp:featuredmedia":[{"embeddable":true,"href":"https:\/\/www.sts-education.com\/se\/wp-json\/wp\/v2\/media\/14640"}],"wp:attachment":[{"href":"https:\/\/www.sts-education.com\/se\/wp-json\/wp\/v2\/media?parent=11245"}],"wp:term":[{"taxonomy":"category","embeddable":true,"href":"https:\/\/www.sts-education.com\/se\/wp-json\/wp\/v2\/categories?post=11245"},{"taxonomy":"post_tag","embeddable":true,"href":"https:\/\/www.sts-education.com\/se\/wp-json\/wp\/v2\/tags?post=11245"},{"taxonomy":"wpw_post_folders","embeddable":true,"href":"https:\/\/www.sts-education.com\/se\/wp-json\/wp\/v2\/wpw_post_folders?post=11245"}],"curies":[{"name":"wp","href":"https:\/\/api.w.org\/{rel}","templated":true}]}}