{"id":11248,"date":"2023-03-30T12:00:00","date_gmt":"2023-03-30T10:00:00","guid":{"rendered":"https:\/\/preprod.sts-education.com\/blog\/2026\/03\/05\/johan-valde-att-studera-i-japan\/"},"modified":"2026-04-29T10:12:42","modified_gmt":"2026-04-29T08:12:42","slug":"johan-valde-att-studera-i-japan","status":"publish","type":"post","link":"https:\/\/www.sts-education.com\/se\/high-school\/vara-utbytesstudenter\/studentberattelser\/johan-valde-att-studera-i-japan\/","title":{"rendered":"Johan valde att studera i Japan"},"content":{"rendered":"\n<div class=\"wp-block-sts-text sts-text-editor has-max-width-md\"><div class=\"sts-text-editor__content\"><div class=\"sts-text-editor__content-inner\">\n<h1 style=\"text-align:center\">Johan valde att studera i Japan<\/h1>\n<\/div><\/div><\/div>\n\n\n\n<figure class=\"wp-block-sts-image sts-block-image sts-block-image--count-1 has-max-width-lg\" data-count=\"1\"><div class=\"sts-block-image__grid\"><div class=\"sts-block-image__item\"><picture class=\"sts-responsive-image has-fit-cover has-pos-top is-skeleton\"><source media=\"(max-width: 834.98px)\" srcset=\"https:\/\/powered-by.qbank.se\/educatius\/sts\/d668b2ff5c6d1765a4a8eaa31e665e8d_1-1-thumb.webp 150w, https:\/\/powered-by.qbank.se\/educatius\/sts\/d668b2ff5c6d1765a4a8eaa31e665e8d_1-1-xsmall.webp 500w, https:\/\/powered-by.qbank.se\/educatius\/sts\/d668b2ff5c6d1765a4a8eaa31e665e8d_1-1-small.webp 800w, https:\/\/powered-by.qbank.se\/educatius\/sts\/d668b2ff5c6d1765a4a8eaa31e665e8d_1-1-medium.webp 1024w, https:\/\/powered-by.qbank.se\/educatius\/sts\/d668b2ff5c6d1765a4a8eaa31e665e8d_1-1-large.webp 1536w\" sizes=\"(max-width: 768px) 100vw, (max-width: 1200px) 100vw, 1200px\" type=\"image\/webp\"\/><source media=\"(min-width: 835px)\" srcset=\"https:\/\/powered-by.qbank.se\/educatius\/sts\/d668b2ff5c6d1765a4a8eaa31e665e8d_16-9-small.webp 800w, https:\/\/powered-by.qbank.se\/educatius\/sts\/d668b2ff5c6d1765a4a8eaa31e665e8d_16-9-medium.webp 1024w, https:\/\/powered-by.qbank.se\/educatius\/sts\/d668b2ff5c6d1765a4a8eaa31e665e8d_16-9-large.webp 1536w\" sizes=\"(max-width: 768px) 100vw, (max-width: 1200px) 100vw, 1200px\" type=\"image\/webp\"\/><img src=\"https:\/\/powered-by.qbank.se\/educatius\/sts\/d668b2ff5c6d1765a4a8eaa31e665e8d_1-1-thumb.webp\" alt=\"Johan valde att studera i Japan\" loading=\"lazy\" decoding=\"async\" fetchpriority=\"low\" style=\"object-position:top\"\/><\/picture><\/div><\/div><\/figure>\n\n\n\n<div class=\"wp-block-sts-text sts-text-editor has-max-width-md\"><div class=\"sts-text-editor__content\"><div class=\"sts-text-editor__content-inner\">\n<p><em>Johan fr\u00e5n Norge \u00e4r p\u00e5 high school-utbyte i Tokyo, Japan. H\u00e4r \u00e4r hans ber\u00e4ttelse.<\/em><\/p>\n<h2>Jag var inte beredd p\u00e5 att f\u00e5 en s\u00e5 djup f\u00f6rst\u00e5else<\/h2>\n<p>Jag l\u00e4mnade Norge med en vag id\u00e9 om vad jag skulle f\u00e5 l\u00e4ra mig och uppleva. Jag hade h\u00f6rt ber\u00e4ttelser fr\u00e5n andra utbytesstudenter om att man v\u00e4xer och f\u00e5r m\u00e5nga v\u00e4nner, men jag var inte beredd p\u00e5 att f\u00e5 en s\u00e5 djup f\u00f6rst\u00e5else f\u00f6r den japanska kulturen, m\u00e4nniskorna och mig sj\u00e4lv. Jag har vuxit, l\u00e4rt mig och uppn\u00e5tt mer under de senaste 6 m\u00e5naderna \u00e4n jag har gjort under 3 \u00e5r hemma. Fram till den h\u00e4r delen av min resa har jag delat massor av fantastiska, bra, d\u00e5liga och sorgliga minnen med m\u00e4nniskor som jag alltid kommer att minnas. Jag har f\u00e5tt v\u00e4nner f\u00f6r livet, m\u00e4nniskor som jag nu kan kalla en del av min familj.<\/p>\n<\/div><\/div><\/div>\n\n\n\n<div class=\"wp-block-sts-text sts-text-editor has-max-width-md\"><div class=\"sts-text-editor__content\"><div class=\"sts-text-editor__content-inner\">\n<h2>Japanerna har verkligen f\u00f6r\u00e4ndrat mitt s\u00e4tt att t\u00e4nka<\/h2>\n<p>N\u00e4r jag f\u00f6rst kom till Japan lovade jag mig sj\u00e4lv att f\u00f6rs\u00f6ka g\u00f6ra saker utanf\u00f6r min bekv\u00e4mlighetszon. Varje dag l\u00e4mnar jag huset f\u00f6r att bes\u00f6ka en ny och annorlunda restaurang eller en ber\u00f6md byggnad, tr\u00e4ffa n\u00e5gon eller arbeta med n\u00e5got litet jobb som att undervisa i engelska, arbeta p\u00e5 en druvodling eller hj\u00e4lpa till p\u00e5 en japansk festival. Japanerna har verkligen f\u00f6r\u00e4ndrat mitt s\u00e4tt att t\u00e4nka p\u00e5 m\u00e5nga olika omr\u00e5den. Deras tankar om lycka, skola, frihet, hur man beter sig mot andra och mycket mer \u00e4r oerh\u00f6rt fascinerande och har helt f\u00f6r\u00e4ndrat mig. Det \u00e4r naturligtvis inte alltid l\u00e4tt att bo ensam i ett fr\u00e4mmande land och jag har g\u00e5tt igenom m\u00e5nga pr\u00f6vningar. Men med t\u00e5lamod och st\u00f6d har jag tagit mig igenom det och vuxit p\u00e5 grund av det.<\/p>\n<p>M\u00e4nniskor i andra kulturer har ofta ett annat s\u00e4tt att t\u00e4nka \u00e4n vad du har. Mitt r\u00e5d till framtida utbytesstudenter \u00e4r att l\u00e4ra sig f\u00f6rst\u00e5 vad det s\u00e4ttet att t\u00e4nka \u00e4r, att l\u00e4ra sig om folk, om andra m\u00e4nniskor, s\u00e5 kommer du att v\u00e4xa mycket.<\/p>\n<h2>Jag \u00e4r s\u00e5 glad att jag fick \u00e5ka p\u00e5 det h\u00e4r utbytet<\/h2>\n<p>Om jag reste tillbaka i tiden och ber\u00e4ttade f\u00f6r mig sj\u00e4lv f\u00f6r tv\u00e5 \u00e5r sedan att jag idag skulle vara p\u00e5 utbyte i Japan, ett \u00e4ventyr f\u00f6r livet, kunna prata japanska, ha fantastiska v\u00e4nner, ha en dr\u00f6m som jag g\u00f6r mitt b\u00e4sta f\u00f6r att uppn\u00e5 samtidigt som jag k\u00e4nner en djup k\u00e4nsla av tacksamhet och k\u00e4rlek f\u00f6r min familj och v\u00e4nner, skulle jag inte tro vad som just kom ut ur min mun. Jag \u00e4r s\u00e5 glad att jag kunde \u00e5ka p\u00e5 det h\u00e4r utbytet. Denna fascinerande plats p\u00e5 jorden, med en kultur, ett s\u00e4tt att t\u00e4nka och ett spr\u00e5k som \u00e4r helt annorlunda \u00e4n mitt, har f\u00f6r\u00e4ndrat mitt liv till det b\u00e4ttre.<\/p>\n<p><strong>Jag tackar er s\u00e5 mycket.<\/strong><\/p>\n<h2>Vill du veta mer?<\/h2>\n<ul>\n<li>L\u00e4s fler <a href=\"https:\/\/www.sts-education.com\/se\/high-school\/vara-utbytesstudenter\/studentberattelser\/?hashtag=Japan\">studentber\u00e4ttelser fr\u00e5n Japan<\/a><\/li>\n<li>L\u00e4s mer om ett <a href=\"https:\/\/www.sts-education.com\/se\/high-school\/destinationer\/asien\/japan\/\">high school-utbyte i Japan<\/a><\/li>\n<li>Se alla v\u00e5ra <a href=\"\/se\/high-school\/tripfinder\/\">utbytesdestinationer f\u00f6r high school<\/a><\/li>\n<\/ul>\n<\/div><\/div><\/div>\n","protected":false},"excerpt":{"rendered":"","protected":false},"author":20,"featured_media":14646,"comment_status":"open","ping_status":"open","sticky":false,"template":"","format":"standard","meta":{"_acf_changed":false,"_yoast_wpseo_title":"Johan valde att studera i Japan","_yoast_wpseo_metadesc":"Jag hade h\u00f6rt ber\u00e4ttelser om att man v\u00e4xer och f\u00e5r m\u00e5nga v\u00e4nner, men jag var inte beredd p\u00e5 att f\u00e5 en s\u00e5 djup f\u00f6rst\u00e5else f\u00f6r den japanska kulturen, m\u00e4nniskorna och mig sj\u00e4lv.","footnotes":""},"categories":[326],"tags":[1042],"wpw_post_folders":[],"class_list":["post-11248","post","type-post","status-publish","format-standard","has-post-thumbnail","hentry","category-okategoriserad","tag-japan"],"acf":[],"yoast_head":"<!-- This site is optimized with the Yoast SEO Premium plugin v27.2 (Yoast SEO v27.2) - https:\/\/yoast.com\/product\/yoast-seo-premium-wordpress\/ -->\n<title>Johan valde att studera i Japan<\/title>\n<meta name=\"description\" content=\"Jag hade h\u00f6rt ber\u00e4ttelser om att man v\u00e4xer och f\u00e5r m\u00e5nga v\u00e4nner, men jag var inte beredd p\u00e5 att f\u00e5 en s\u00e5 djup f\u00f6rst\u00e5else f\u00f6r den japanska kulturen, m\u00e4nniskorna och mig sj\u00e4lv.\" \/>\n<meta name=\"robots\" content=\"index, follow, max-snippet:-1, max-image-preview:large, max-video-preview:-1\" \/>\n<link rel=\"canonical\" href=\"https:\/\/www.sts-education.com\/se\/high-school\/vara-utbytesstudenter\/studentberattelser\/johan-valde-att-studera-i-japan\/\" \/>\n<meta property=\"og:locale\" content=\"sv_SE\" \/>\n<meta property=\"og:type\" content=\"article\" \/>\n<meta property=\"og:title\" content=\"Johan valde att studera i Japan\" \/>\n<meta property=\"og:description\" content=\"Jag hade h\u00f6rt ber\u00e4ttelser om att man v\u00e4xer och f\u00e5r m\u00e5nga v\u00e4nner, men jag var inte beredd p\u00e5 att f\u00e5 en s\u00e5 djup f\u00f6rst\u00e5else f\u00f6r den japanska kulturen, m\u00e4nniskorna och mig sj\u00e4lv.\" \/>\n<meta property=\"og:url\" content=\"https:\/\/www.sts-education.com\/se\/high-school\/vara-utbytesstudenter\/studentberattelser\/johan-valde-att-studera-i-japan\/\" \/>\n<meta property=\"og:site_name\" content=\"STS Education\" \/>\n<meta property=\"article:published_time\" content=\"2023-03-30T10:00:00+00:00\" \/>\n<meta property=\"article:modified_time\" content=\"2026-04-29T08:12:42+00:00\" \/>\n<meta property=\"og:image\" content=\"https:\/\/powered-by.qbank.se\/educatius\/sts\/\/d668b2ff5c6d1765a4a8eaa31e665e8d_1-1-thumb.webp\" \/>\n\t<meta property=\"og:image:width\" content=\"150\" \/>\n\t<meta property=\"og:image:height\" content=\"150\" \/>\n\t<meta property=\"og:image:type\" content=\"image\/jpeg\" \/>\n<meta name=\"author\" content=\"syncreadwrite\" \/>\n<meta name=\"twitter:card\" content=\"summary_large_image\" \/>\n<meta name=\"twitter:label1\" content=\"Skriven av\" \/>\n\t<meta name=\"twitter:data1\" content=\"syncreadwrite\" \/>\n\t<meta name=\"twitter:label2\" content=\"Ber\u00e4knad l\u00e4stid\" \/>\n\t<meta name=\"twitter:data2\" content=\"3 minuter\" \/>\n<script type=\"application\/ld+json\" class=\"yoast-schema-graph\">{\"@context\":\"https:\/\/schema.org\",\"@graph\":[{\"@type\":\"Article\",\"@id\":\"https:\/\/www.sts-education.com\/se\/high-school\/vara-utbytesstudenter\/studentberattelser\/johan-valde-att-studera-i-japan\/#article\",\"isPartOf\":{\"@id\":\"https:\/\/www.sts-education.com\/se\/high-school\/vara-utbytesstudenter\/studentberattelser\/johan-valde-att-studera-i-japan\/\"},\"author\":{\"name\":\"syncreadwrite\",\"@id\":\"https:\/\/www.sts-education.com\/se\/#\/schema\/person\/8b82f3a2e45f020b8f296d7a85d9a97c\"},\"headline\":\"Johan valde att studera i Japan\",\"datePublished\":\"2023-03-30T10:00:00+00:00\",\"dateModified\":\"2026-04-29T08:12:42+00:00\",\"mainEntityOfPage\":{\"@id\":\"https:\/\/www.sts-education.com\/se\/high-school\/vara-utbytesstudenter\/studentberattelser\/johan-valde-att-studera-i-japan\/\"},\"wordCount\":593,\"commentCount\":0,\"image\":{\"@id\":\"https:\/\/www.sts-education.com\/se\/high-school\/vara-utbytesstudenter\/studentberattelser\/johan-valde-att-studera-i-japan\/#primaryimage\"},\"thumbnailUrl\":\"https:\/\/powered-by.qbank.se\/educatius\/sts\/\/d668b2ff5c6d1765a4a8eaa31e665e8d_1-1-thumb.webp\",\"keywords\":[\"Japan\"],\"articleSection\":[\"Okategoriserad\"],\"inLanguage\":\"sv-SE\",\"potentialAction\":[{\"@type\":\"CommentAction\",\"name\":\"Comment\",\"target\":[\"https:\/\/www.sts-education.com\/se\/high-school\/vara-utbytesstudenter\/studentberattelser\/johan-valde-att-studera-i-japan\/#respond\"]}]},{\"@type\":\"WebPage\",\"@id\":\"https:\/\/www.sts-education.com\/se\/high-school\/vara-utbytesstudenter\/studentberattelser\/johan-valde-att-studera-i-japan\/\",\"url\":\"https:\/\/www.sts-education.com\/se\/high-school\/vara-utbytesstudenter\/studentberattelser\/johan-valde-att-studera-i-japan\/\",\"name\":\"Johan valde att studera i Japan\",\"isPartOf\":{\"@id\":\"https:\/\/www.sts-education.com\/se\/#website\"},\"primaryImageOfPage\":{\"@id\":\"https:\/\/www.sts-education.com\/se\/high-school\/vara-utbytesstudenter\/studentberattelser\/johan-valde-att-studera-i-japan\/#primaryimage\"},\"image\":{\"@id\":\"https:\/\/www.sts-education.com\/se\/high-school\/vara-utbytesstudenter\/studentberattelser\/johan-valde-att-studera-i-japan\/#primaryimage\"},\"thumbnailUrl\":\"https:\/\/powered-by.qbank.se\/educatius\/sts\/\/d668b2ff5c6d1765a4a8eaa31e665e8d_1-1-thumb.webp\",\"datePublished\":\"2023-03-30T10:00:00+00:00\",\"dateModified\":\"2026-04-29T08:12:42+00:00\",\"author\":{\"@id\":\"https:\/\/www.sts-education.com\/se\/#\/schema\/person\/8b82f3a2e45f020b8f296d7a85d9a97c\"},\"description\":\"Jag hade h\u00f6rt ber\u00e4ttelser om att man v\u00e4xer och f\u00e5r m\u00e5nga v\u00e4nner, men jag var inte beredd p\u00e5 att f\u00e5 en s\u00e5 djup f\u00f6rst\u00e5else f\u00f6r den japanska kulturen, m\u00e4nniskorna och mig sj\u00e4lv.\",\"breadcrumb\":{\"@id\":\"https:\/\/www.sts-education.com\/se\/high-school\/vara-utbytesstudenter\/studentberattelser\/johan-valde-att-studera-i-japan\/#breadcrumb\"},\"inLanguage\":\"sv-SE\",\"potentialAction\":[{\"@type\":\"ReadAction\",\"target\":[\"https:\/\/www.sts-education.com\/se\/high-school\/vara-utbytesstudenter\/studentberattelser\/johan-valde-att-studera-i-japan\/\"]}]},{\"@type\":\"ImageObject\",\"inLanguage\":\"sv-SE\",\"@id\":\"https:\/\/www.sts-education.com\/se\/high-school\/vara-utbytesstudenter\/studentberattelser\/johan-valde-att-studera-i-japan\/#primaryimage\",\"url\":\"https:\/\/powered-by.qbank.se\/educatius\/sts\/\/d668b2ff5c6d1765a4a8eaa31e665e8d_1-1-thumb.webp\",\"contentUrl\":\"https:\/\/powered-by.qbank.se\/educatius\/sts\/\/d668b2ff5c6d1765a4a8eaa31e665e8d_1-1-thumb.webp\",\"width\":150,\"height\":150},{\"@type\":\"BreadcrumbList\",\"@id\":\"https:\/\/www.sts-education.com\/se\/high-school\/vara-utbytesstudenter\/studentberattelser\/johan-valde-att-studera-i-japan\/#breadcrumb\",\"itemListElement\":[{\"@type\":\"ListItem\",\"position\":1,\"name\":\"Home\",\"item\":\"https:\/\/www.sts-education.com\/se\/\"},{\"@type\":\"ListItem\",\"position\":2,\"name\":\"Johan valde att studera i Japan\"}]},{\"@type\":\"WebSite\",\"@id\":\"https:\/\/www.sts-education.com\/se\/#website\",\"url\":\"https:\/\/www.sts-education.com\/se\/\",\"name\":\"STS Education\",\"description\":\"\",\"potentialAction\":[{\"@type\":\"SearchAction\",\"target\":{\"@type\":\"EntryPoint\",\"urlTemplate\":\"https:\/\/www.sts-education.com\/se\/?s={search_term_string}\"},\"query-input\":{\"@type\":\"PropertyValueSpecification\",\"valueRequired\":true,\"valueName\":\"search_term_string\"}}],\"inLanguage\":\"sv-SE\"},{\"@type\":\"Person\",\"@id\":\"https:\/\/www.sts-education.com\/se\/#\/schema\/person\/8b82f3a2e45f020b8f296d7a85d9a97c\",\"name\":\"syncreadwrite\",\"image\":{\"@type\":\"ImageObject\",\"inLanguage\":\"sv-SE\",\"@id\":\"https:\/\/secure.gravatar.com\/avatar\/6ed1007e4f6f43f22e3df41d9fce4365533cba47fef64bb359b8e629abbc2ea6?s=96&d=mm&r=g\",\"url\":\"https:\/\/secure.gravatar.com\/avatar\/6ed1007e4f6f43f22e3df41d9fce4365533cba47fef64bb359b8e629abbc2ea6?s=96&d=mm&r=g\",\"contentUrl\":\"https:\/\/secure.gravatar.com\/avatar\/6ed1007e4f6f43f22e3df41d9fce4365533cba47fef64bb359b8e629abbc2ea6?s=96&d=mm&r=g\",\"caption\":\"syncreadwrite\"},\"url\":\"https:\/\/www.sts-education.com\/se\/author\/syncreadwrite\/\"}]}<\/script>\n<!-- \/ Yoast SEO Premium plugin. -->","yoast_head_json":{"title":"Johan valde att studera i Japan","description":"Jag hade h\u00f6rt ber\u00e4ttelser om att man v\u00e4xer och f\u00e5r m\u00e5nga v\u00e4nner, men jag var inte beredd p\u00e5 att f\u00e5 en s\u00e5 djup f\u00f6rst\u00e5else f\u00f6r den japanska kulturen, m\u00e4nniskorna och mig sj\u00e4lv.","robots":{"index":"index","follow":"follow","max-snippet":"max-snippet:-1","max-image-preview":"max-image-preview:large","max-video-preview":"max-video-preview:-1"},"canonical":"https:\/\/www.sts-education.com\/se\/high-school\/vara-utbytesstudenter\/studentberattelser\/johan-valde-att-studera-i-japan\/","og_locale":"sv_SE","og_type":"article","og_title":"Johan valde att studera i Japan","og_description":"Jag hade h\u00f6rt ber\u00e4ttelser om att man v\u00e4xer och f\u00e5r m\u00e5nga v\u00e4nner, men jag var inte beredd p\u00e5 att f\u00e5 en s\u00e5 djup f\u00f6rst\u00e5else f\u00f6r den japanska kulturen, m\u00e4nniskorna och mig sj\u00e4lv.","og_url":"https:\/\/www.sts-education.com\/se\/high-school\/vara-utbytesstudenter\/studentberattelser\/johan-valde-att-studera-i-japan\/","og_site_name":"STS Education","article_published_time":"2023-03-30T10:00:00+00:00","article_modified_time":"2026-04-29T08:12:42+00:00","og_image":[{"width":150,"height":150,"url":"https:\/\/powered-by.qbank.se\/educatius\/sts\/\/d668b2ff5c6d1765a4a8eaa31e665e8d_1-1-thumb.webp","type":"image\/jpeg"}],"author":"syncreadwrite","twitter_card":"summary_large_image","twitter_misc":{"Skriven av":"syncreadwrite","Ber\u00e4knad l\u00e4stid":"3 minuter"},"schema":{"@context":"https:\/\/schema.org","@graph":[{"@type":"Article","@id":"https:\/\/www.sts-education.com\/se\/high-school\/vara-utbytesstudenter\/studentberattelser\/johan-valde-att-studera-i-japan\/#article","isPartOf":{"@id":"https:\/\/www.sts-education.com\/se\/high-school\/vara-utbytesstudenter\/studentberattelser\/johan-valde-att-studera-i-japan\/"},"author":{"name":"syncreadwrite","@id":"https:\/\/www.sts-education.com\/se\/#\/schema\/person\/8b82f3a2e45f020b8f296d7a85d9a97c"},"headline":"Johan valde att studera i Japan","datePublished":"2023-03-30T10:00:00+00:00","dateModified":"2026-04-29T08:12:42+00:00","mainEntityOfPage":{"@id":"https:\/\/www.sts-education.com\/se\/high-school\/vara-utbytesstudenter\/studentberattelser\/johan-valde-att-studera-i-japan\/"},"wordCount":593,"commentCount":0,"image":{"@id":"https:\/\/www.sts-education.com\/se\/high-school\/vara-utbytesstudenter\/studentberattelser\/johan-valde-att-studera-i-japan\/#primaryimage"},"thumbnailUrl":"https:\/\/powered-by.qbank.se\/educatius\/sts\/\/d668b2ff5c6d1765a4a8eaa31e665e8d_1-1-thumb.webp","keywords":["Japan"],"articleSection":["Okategoriserad"],"inLanguage":"sv-SE","potentialAction":[{"@type":"CommentAction","name":"Comment","target":["https:\/\/www.sts-education.com\/se\/high-school\/vara-utbytesstudenter\/studentberattelser\/johan-valde-att-studera-i-japan\/#respond"]}]},{"@type":"WebPage","@id":"https:\/\/www.sts-education.com\/se\/high-school\/vara-utbytesstudenter\/studentberattelser\/johan-valde-att-studera-i-japan\/","url":"https:\/\/www.sts-education.com\/se\/high-school\/vara-utbytesstudenter\/studentberattelser\/johan-valde-att-studera-i-japan\/","name":"Johan valde att studera i Japan","isPartOf":{"@id":"https:\/\/www.sts-education.com\/se\/#website"},"primaryImageOfPage":{"@id":"https:\/\/www.sts-education.com\/se\/high-school\/vara-utbytesstudenter\/studentberattelser\/johan-valde-att-studera-i-japan\/#primaryimage"},"image":{"@id":"https:\/\/www.sts-education.com\/se\/high-school\/vara-utbytesstudenter\/studentberattelser\/johan-valde-att-studera-i-japan\/#primaryimage"},"thumbnailUrl":"https:\/\/powered-by.qbank.se\/educatius\/sts\/\/d668b2ff5c6d1765a4a8eaa31e665e8d_1-1-thumb.webp","datePublished":"2023-03-30T10:00:00+00:00","dateModified":"2026-04-29T08:12:42+00:00","author":{"@id":"https:\/\/www.sts-education.com\/se\/#\/schema\/person\/8b82f3a2e45f020b8f296d7a85d9a97c"},"description":"Jag hade h\u00f6rt ber\u00e4ttelser om att man v\u00e4xer och f\u00e5r m\u00e5nga v\u00e4nner, men jag var inte beredd p\u00e5 att f\u00e5 en s\u00e5 djup f\u00f6rst\u00e5else f\u00f6r den japanska kulturen, m\u00e4nniskorna och mig sj\u00e4lv.","breadcrumb":{"@id":"https:\/\/www.sts-education.com\/se\/high-school\/vara-utbytesstudenter\/studentberattelser\/johan-valde-att-studera-i-japan\/#breadcrumb"},"inLanguage":"sv-SE","potentialAction":[{"@type":"ReadAction","target":["https:\/\/www.sts-education.com\/se\/high-school\/vara-utbytesstudenter\/studentberattelser\/johan-valde-att-studera-i-japan\/"]}]},{"@type":"ImageObject","inLanguage":"sv-SE","@id":"https:\/\/www.sts-education.com\/se\/high-school\/vara-utbytesstudenter\/studentberattelser\/johan-valde-att-studera-i-japan\/#primaryimage","url":"https:\/\/powered-by.qbank.se\/educatius\/sts\/\/d668b2ff5c6d1765a4a8eaa31e665e8d_1-1-thumb.webp","contentUrl":"https:\/\/powered-by.qbank.se\/educatius\/sts\/\/d668b2ff5c6d1765a4a8eaa31e665e8d_1-1-thumb.webp","width":150,"height":150},{"@type":"BreadcrumbList","@id":"https:\/\/www.sts-education.com\/se\/high-school\/vara-utbytesstudenter\/studentberattelser\/johan-valde-att-studera-i-japan\/#breadcrumb","itemListElement":[{"@type":"ListItem","position":1,"name":"Home","item":"https:\/\/www.sts-education.com\/se\/"},{"@type":"ListItem","position":2,"name":"Johan valde att studera i Japan"}]},{"@type":"WebSite","@id":"https:\/\/www.sts-education.com\/se\/#website","url":"https:\/\/www.sts-education.com\/se\/","name":"STS Education","description":"","potentialAction":[{"@type":"SearchAction","target":{"@type":"EntryPoint","urlTemplate":"https:\/\/www.sts-education.com\/se\/?s={search_term_string}"},"query-input":{"@type":"PropertyValueSpecification","valueRequired":true,"valueName":"search_term_string"}}],"inLanguage":"sv-SE"},{"@type":"Person","@id":"https:\/\/www.sts-education.com\/se\/#\/schema\/person\/8b82f3a2e45f020b8f296d7a85d9a97c","name":"syncreadwrite","image":{"@type":"ImageObject","inLanguage":"sv-SE","@id":"https:\/\/secure.gravatar.com\/avatar\/6ed1007e4f6f43f22e3df41d9fce4365533cba47fef64bb359b8e629abbc2ea6?s=96&d=mm&r=g","url":"https:\/\/secure.gravatar.com\/avatar\/6ed1007e4f6f43f22e3df41d9fce4365533cba47fef64bb359b8e629abbc2ea6?s=96&d=mm&r=g","contentUrl":"https:\/\/secure.gravatar.com\/avatar\/6ed1007e4f6f43f22e3df41d9fce4365533cba47fef64bb359b8e629abbc2ea6?s=96&d=mm&r=g","caption":"syncreadwrite"},"url":"https:\/\/www.sts-education.com\/se\/author\/syncreadwrite\/"}]}},"_links":{"self":[{"href":"https:\/\/www.sts-education.com\/se\/wp-json\/wp\/v2\/posts\/11248","targetHints":{"allow":["GET"]}}],"collection":[{"href":"https:\/\/www.sts-education.com\/se\/wp-json\/wp\/v2\/posts"}],"about":[{"href":"https:\/\/www.sts-education.com\/se\/wp-json\/wp\/v2\/types\/post"}],"author":[{"embeddable":true,"href":"https:\/\/www.sts-education.com\/se\/wp-json\/wp\/v2\/users\/20"}],"replies":[{"embeddable":true,"href":"https:\/\/www.sts-education.com\/se\/wp-json\/wp\/v2\/comments?post=11248"}],"version-history":[{"count":8,"href":"https:\/\/www.sts-education.com\/se\/wp-json\/wp\/v2\/posts\/11248\/revisions"}],"predecessor-version":[{"id":43729,"href":"https:\/\/www.sts-education.com\/se\/wp-json\/wp\/v2\/posts\/11248\/revisions\/43729"}],"wp:featuredmedia":[{"embeddable":true,"href":"https:\/\/www.sts-education.com\/se\/wp-json\/wp\/v2\/media\/14646"}],"wp:attachment":[{"href":"https:\/\/www.sts-education.com\/se\/wp-json\/wp\/v2\/media?parent=11248"}],"wp:term":[{"taxonomy":"category","embeddable":true,"href":"https:\/\/www.sts-education.com\/se\/wp-json\/wp\/v2\/categories?post=11248"},{"taxonomy":"post_tag","embeddable":true,"href":"https:\/\/www.sts-education.com\/se\/wp-json\/wp\/v2\/tags?post=11248"},{"taxonomy":"wpw_post_folders","embeddable":true,"href":"https:\/\/www.sts-education.com\/se\/wp-json\/wp\/v2\/wpw_post_folders?post=11248"}],"curies":[{"name":"wp","href":"https:\/\/api.w.org\/{rel}","templated":true}]}}