{"id":11250,"date":"2023-03-30T12:00:00","date_gmt":"2023-03-30T10:00:00","guid":{"rendered":"https:\/\/preprod.sts-education.com\/blog\/2026\/03\/05\/barbara-var-pa-ett-utbytesar-i-costa-rica\/"},"modified":"2026-04-29T10:14:30","modified_gmt":"2026-04-29T08:14:30","slug":"barbara-var-pa-ett-utbytesar-i-costa-rica","status":"publish","type":"post","link":"https:\/\/www.sts-education.com\/se\/high-school\/vara-utbytesstudenter\/studentberattelser\/barbara-var-pa-ett-utbytesar-i-costa-rica\/","title":{"rendered":"Barbara var p\u00e5 ett utbytes\u00e5r i Costa Rica"},"content":{"rendered":"\n<div class=\"wp-block-sts-text sts-text-editor has-max-width-md\"><div class=\"sts-text-editor__content\"><div class=\"sts-text-editor__content-inner\">\n<h1 style=\"text-align:center\">Barbara var p\u00e5 ett utbytes\u00e5r i Costa Rica<\/h1>\n<\/div><\/div><\/div>\n\n\n\n<figure class=\"wp-block-sts-image sts-block-image sts-block-image--count-1 has-max-width-lg\" data-count=\"1\"><div class=\"sts-block-image__grid\"><div class=\"sts-block-image__item\"><picture class=\"sts-responsive-image has-fit-cover has-pos-top is-skeleton\"><source media=\"(max-width: 834.98px)\" srcset=\"https:\/\/powered-by.qbank.se\/educatius\/sts\/2d8d607eebaed8ebe7ab545194237fae_1-1-thumb.webp 150w, https:\/\/powered-by.qbank.se\/educatius\/sts\/2d8d607eebaed8ebe7ab545194237fae_1-1-xsmall.webp 500w, https:\/\/powered-by.qbank.se\/educatius\/sts\/2d8d607eebaed8ebe7ab545194237fae_1-1-small.webp 800w, https:\/\/powered-by.qbank.se\/educatius\/sts\/2d8d607eebaed8ebe7ab545194237fae_1-1-medium.webp 1024w, https:\/\/powered-by.qbank.se\/educatius\/sts\/2d8d607eebaed8ebe7ab545194237fae_1-1-large.webp 1536w\" sizes=\"(max-width: 768px) 100vw, (max-width: 1200px) 100vw, 1200px\" type=\"image\/webp\"\/><source media=\"(min-width: 835px)\" srcset=\"https:\/\/powered-by.qbank.se\/educatius\/sts\/2d8d607eebaed8ebe7ab545194237fae_16-9-small.webp 800w, https:\/\/powered-by.qbank.se\/educatius\/sts\/2d8d607eebaed8ebe7ab545194237fae_16-9-medium.webp 1024w, https:\/\/powered-by.qbank.se\/educatius\/sts\/2d8d607eebaed8ebe7ab545194237fae_16-9-large.webp 1536w\" sizes=\"(max-width: 768px) 100vw, (max-width: 1200px) 100vw, 1200px\" type=\"image\/webp\"\/><img src=\"https:\/\/powered-by.qbank.se\/educatius\/sts\/2d8d607eebaed8ebe7ab545194237fae_1-1-thumb.webp\" alt=\"Barbara var p\u00e5 ett utbytes\u00e5r i Costa Rica\" loading=\"lazy\" decoding=\"async\" fetchpriority=\"low\" style=\"object-position:top\"\/><\/picture><\/div><\/div><\/figure>\n\n\n\n<div class=\"wp-block-sts-text sts-text-editor has-max-width-md\"><div class=\"sts-text-editor__content\"><div class=\"sts-text-editor__content-inner\">\n<p><em>Barbara fr\u00e5n Italien \u00e5kte p\u00e5 utbyte till Costa Rica.<\/em><\/p>\n<h2>Varf\u00f6r \u00e5kte du p\u00e5 utbyte?<\/h2>\n<p>Jag best\u00e4mde mig f\u00f6r att \u00e5ka p\u00e5 ett utbytes\u00e5r eftersom jag ville utmana mig sj\u00e4lv och valde Costa Rica f\u00f6r att l\u00e4ra k\u00e4nna en annan del av v\u00e4rlden.<\/p>\n<h2>Hur var det att bo hos en v\u00e4rdfamilj?<\/h2>\n<p>Jag fick chansen att bo hos en fantastisk v\u00e4rdfamilj med tre systrar (en av dem \u00e4r en annan utbytesstudent fr\u00e5n Sverige) och vi kommer \u00f6verens som riktiga systrar. Jag kunde inte ha \u00f6nskat mig en b\u00e4ttre familj. De tar hand om mig och finns alltid h\u00e4r f\u00f6r att hj\u00e4lpa mig.<\/p>\n<\/div><\/div><\/div>\n\n\n\n<div class=\"wp-block-sts-text sts-text-editor has-max-width-md\"><div class=\"sts-text-editor__content\"><div class=\"sts-text-editor__content-inner\">\n<h2>Hur var det i skolan?<\/h2>\n<p>Det \u00e4r i skolan man f\u00e5r v\u00e4nner. Alla \u00e4r verkligen supertrevliga. Skolan kan ocks\u00e5 vara ganska utmanande ibland, p\u00e5 grund av spr\u00e5kbarri\u00e4ren. Men med daglig \u00f6vning blir det l\u00e4ttare och du kommer att g\u00f6ra snabba framsteg. Det \u00e4r det fantastiska med ett utbytes\u00e5r, du utmanas varje dag. Du g\u00f6r saker som f\u00e5r dig att l\u00e4mna din bekv\u00e4mlighetszon och du v\u00e4xer som person. Du f\u00e5r uppleva helt andra saker \u00e4n i ditt hemland,<\/p>\n<h2>N\u00e5got speciellt minne?<\/h2>\n<p>P\u00e5 sj\u00e4lvst\u00e4ndighetsdagen den 15 september samlas alla skolor f\u00f6r en stor parad. Varje skola framf\u00f6r en dans med skolans orkester. Jag var med dansarna och l\u00e4rde mig dansen. Det h\u00e4r \u00e4r n\u00e5got jag aldrig trodde att jag skulle g\u00f6ra &#8211; jag \u00e4r ingen dansare. Men jag \u00e4r s\u00e5 glad att jag gjorde det. Att min v\u00e4rdfamilj var s\u00e5 stolt \u00f6ver mig och kallade mig f\u00f6r sin dotter sm\u00e4lte mitt hj\u00e4rta.<\/p>\n<h2>Kan du rekommendera att \u00e5ka p\u00e5 utbyte?<\/h2>\n<p>Ja, det kommer verkligen att f\u00f6r\u00e4ndra ditt s\u00e4tt att t\u00e4nka och f\u00e5 dig att uppskatta livet till fullo och njuta av varje \u00f6gonblick. Du kanske tvivlar p\u00e5 om ett utbyte \u00e4r r\u00e4tt val f\u00f6r dig. Jag kan bara s\u00e4ga: Utmana dig sj\u00e4lv och \u00e5k p\u00e5 ett utbytes\u00e5r och f\u00f6rbered dig f\u00f6r den b\u00e4sta tiden i ditt liv. Du kommer inte att \u00e5ngra dig och det kommer ocks\u00e5 att hj\u00e4lpa dig att f\u00e5 en klarare bild av vad du vill \u00e5stadkomma i framtiden.<\/p>\n<h2>Kan du rekommendera STS?<\/h2>\n<p>Ja, jag hade aldrig problem med n\u00e5gonting och de ger dig chansen att uppleva alla fantastiska saker. Du kommer alltid att ha n\u00e5gon att prata med och f\u00e5 r\u00e5d fr\u00e5n.<\/p>\n<h2>Vill du veta mer?<\/h2>\n<ul>\n<li>L\u00e4s fler <a href=\"https:\/\/www.sts-education.com\/se\/high-school\/vara-utbytesstudenter\/studentberattelser\/?hashtag=Costa+Rica\">studentber\u00e4ttelser fr\u00e5n Costa Rica<\/a><\/li>\n<li>L\u00e4s mer om ett <a href=\"https:\/\/www.sts-education.com\/se\/high-school\/destinationer\/syd-och-central-america\/costa-rica\/\">high school-utbyte i Costa Rica<\/a><\/li>\n<li>Se alla v\u00e5ra <a href=\"\/se\/high-school\/tripfinder\/\">utbytesdestinationer f\u00f6r high school<\/a><\/li>\n<\/ul>\n<\/div><\/div><\/div>\n","protected":false},"excerpt":{"rendered":"","protected":false},"author":20,"featured_media":14650,"comment_status":"open","ping_status":"open","sticky":false,"template":"","format":"standard","meta":{"_acf_changed":false,"_yoast_wpseo_title":"Barbara var p\u00e5 ett utbytes\u00e5r i Costa Rica","_yoast_wpseo_metadesc":"Jag best\u00e4mde mig f\u00f6r att \u00e5ka p\u00e5 ett utbytes\u00e5r eftersom jag ville utmana mig sj\u00e4lv och valde Costa Rica f\u00f6r att l\u00e4ra k\u00e4nna en annan del av v\u00e4rlden.","footnotes":""},"categories":[326],"tags":[1035],"wpw_post_folders":[],"class_list":["post-11250","post","type-post","status-publish","format-standard","has-post-thumbnail","hentry","category-okategoriserad","tag-costa-rica"],"acf":[],"yoast_head":"<!-- This site is optimized with the Yoast SEO Premium plugin v27.2 (Yoast SEO v27.2) - https:\/\/yoast.com\/product\/yoast-seo-premium-wordpress\/ -->\n<title>Barbara var p\u00e5 ett utbytes\u00e5r i Costa Rica<\/title>\n<meta name=\"description\" content=\"Jag best\u00e4mde mig f\u00f6r att \u00e5ka p\u00e5 ett utbytes\u00e5r eftersom jag ville utmana mig sj\u00e4lv och valde Costa Rica f\u00f6r att l\u00e4ra k\u00e4nna en annan del av v\u00e4rlden.\" \/>\n<meta name=\"robots\" content=\"index, follow, max-snippet:-1, max-image-preview:large, max-video-preview:-1\" \/>\n<link rel=\"canonical\" href=\"https:\/\/www.sts-education.com\/se\/high-school\/vara-utbytesstudenter\/studentberattelser\/barbara-var-pa-ett-utbytesar-i-costa-rica\/\" \/>\n<meta property=\"og:locale\" content=\"sv_SE\" \/>\n<meta property=\"og:type\" content=\"article\" \/>\n<meta property=\"og:title\" content=\"Barbara var p\u00e5 ett utbytes\u00e5r i Costa Rica\" \/>\n<meta property=\"og:description\" content=\"Jag best\u00e4mde mig f\u00f6r att \u00e5ka p\u00e5 ett utbytes\u00e5r eftersom jag ville utmana mig sj\u00e4lv och valde Costa Rica f\u00f6r att l\u00e4ra k\u00e4nna en annan del av v\u00e4rlden.\" \/>\n<meta property=\"og:url\" content=\"https:\/\/www.sts-education.com\/se\/high-school\/vara-utbytesstudenter\/studentberattelser\/barbara-var-pa-ett-utbytesar-i-costa-rica\/\" \/>\n<meta property=\"og:site_name\" content=\"STS Education\" \/>\n<meta property=\"article:published_time\" content=\"2023-03-30T10:00:00+00:00\" \/>\n<meta property=\"article:modified_time\" content=\"2026-04-29T08:14:30+00:00\" \/>\n<meta property=\"og:image\" content=\"https:\/\/powered-by.qbank.se\/educatius\/sts\/\/2d8d607eebaed8ebe7ab545194237fae_1-1-thumb.webp\" \/>\n\t<meta property=\"og:image:width\" content=\"150\" \/>\n\t<meta property=\"og:image:height\" content=\"150\" \/>\n\t<meta property=\"og:image:type\" content=\"image\/jpeg\" \/>\n<meta name=\"author\" content=\"syncreadwrite\" \/>\n<meta name=\"twitter:card\" content=\"summary_large_image\" \/>\n<meta name=\"twitter:label1\" content=\"Skriven av\" \/>\n\t<meta name=\"twitter:data1\" content=\"syncreadwrite\" \/>\n\t<meta name=\"twitter:label2\" content=\"Ber\u00e4knad l\u00e4stid\" \/>\n\t<meta name=\"twitter:data2\" content=\"3 minuter\" \/>\n<script type=\"application\/ld+json\" class=\"yoast-schema-graph\">{\"@context\":\"https:\/\/schema.org\",\"@graph\":[{\"@type\":\"Article\",\"@id\":\"https:\/\/www.sts-education.com\/se\/high-school\/vara-utbytesstudenter\/studentberattelser\/barbara-var-pa-ett-utbytesar-i-costa-rica\/#article\",\"isPartOf\":{\"@id\":\"https:\/\/www.sts-education.com\/se\/high-school\/vara-utbytesstudenter\/studentberattelser\/barbara-var-pa-ett-utbytesar-i-costa-rica\/\"},\"author\":{\"name\":\"syncreadwrite\",\"@id\":\"https:\/\/www.sts-education.com\/se\/#\/schema\/person\/8b82f3a2e45f020b8f296d7a85d9a97c\"},\"headline\":\"Barbara var p\u00e5 ett utbytes\u00e5r i Costa Rica\",\"datePublished\":\"2023-03-30T10:00:00+00:00\",\"dateModified\":\"2026-04-29T08:14:30+00:00\",\"mainEntityOfPage\":{\"@id\":\"https:\/\/www.sts-education.com\/se\/high-school\/vara-utbytesstudenter\/studentberattelser\/barbara-var-pa-ett-utbytesar-i-costa-rica\/\"},\"wordCount\":482,\"commentCount\":0,\"image\":{\"@id\":\"https:\/\/www.sts-education.com\/se\/high-school\/vara-utbytesstudenter\/studentberattelser\/barbara-var-pa-ett-utbytesar-i-costa-rica\/#primaryimage\"},\"thumbnailUrl\":\"https:\/\/powered-by.qbank.se\/educatius\/sts\/\/2d8d607eebaed8ebe7ab545194237fae_1-1-thumb.webp\",\"keywords\":[\"Costa Rica\"],\"articleSection\":[\"Okategoriserad\"],\"inLanguage\":\"sv-SE\",\"potentialAction\":[{\"@type\":\"CommentAction\",\"name\":\"Comment\",\"target\":[\"https:\/\/www.sts-education.com\/se\/high-school\/vara-utbytesstudenter\/studentberattelser\/barbara-var-pa-ett-utbytesar-i-costa-rica\/#respond\"]}]},{\"@type\":\"WebPage\",\"@id\":\"https:\/\/www.sts-education.com\/se\/high-school\/vara-utbytesstudenter\/studentberattelser\/barbara-var-pa-ett-utbytesar-i-costa-rica\/\",\"url\":\"https:\/\/www.sts-education.com\/se\/high-school\/vara-utbytesstudenter\/studentberattelser\/barbara-var-pa-ett-utbytesar-i-costa-rica\/\",\"name\":\"Barbara var p\u00e5 ett utbytes\u00e5r i Costa Rica\",\"isPartOf\":{\"@id\":\"https:\/\/www.sts-education.com\/se\/#website\"},\"primaryImageOfPage\":{\"@id\":\"https:\/\/www.sts-education.com\/se\/high-school\/vara-utbytesstudenter\/studentberattelser\/barbara-var-pa-ett-utbytesar-i-costa-rica\/#primaryimage\"},\"image\":{\"@id\":\"https:\/\/www.sts-education.com\/se\/high-school\/vara-utbytesstudenter\/studentberattelser\/barbara-var-pa-ett-utbytesar-i-costa-rica\/#primaryimage\"},\"thumbnailUrl\":\"https:\/\/powered-by.qbank.se\/educatius\/sts\/\/2d8d607eebaed8ebe7ab545194237fae_1-1-thumb.webp\",\"datePublished\":\"2023-03-30T10:00:00+00:00\",\"dateModified\":\"2026-04-29T08:14:30+00:00\",\"author\":{\"@id\":\"https:\/\/www.sts-education.com\/se\/#\/schema\/person\/8b82f3a2e45f020b8f296d7a85d9a97c\"},\"description\":\"Jag best\u00e4mde mig f\u00f6r att \u00e5ka p\u00e5 ett utbytes\u00e5r eftersom jag ville utmana mig sj\u00e4lv och valde Costa Rica f\u00f6r att l\u00e4ra k\u00e4nna en annan del av v\u00e4rlden.\",\"breadcrumb\":{\"@id\":\"https:\/\/www.sts-education.com\/se\/high-school\/vara-utbytesstudenter\/studentberattelser\/barbara-var-pa-ett-utbytesar-i-costa-rica\/#breadcrumb\"},\"inLanguage\":\"sv-SE\",\"potentialAction\":[{\"@type\":\"ReadAction\",\"target\":[\"https:\/\/www.sts-education.com\/se\/high-school\/vara-utbytesstudenter\/studentberattelser\/barbara-var-pa-ett-utbytesar-i-costa-rica\/\"]}]},{\"@type\":\"ImageObject\",\"inLanguage\":\"sv-SE\",\"@id\":\"https:\/\/www.sts-education.com\/se\/high-school\/vara-utbytesstudenter\/studentberattelser\/barbara-var-pa-ett-utbytesar-i-costa-rica\/#primaryimage\",\"url\":\"https:\/\/powered-by.qbank.se\/educatius\/sts\/\/2d8d607eebaed8ebe7ab545194237fae_1-1-thumb.webp\",\"contentUrl\":\"https:\/\/powered-by.qbank.se\/educatius\/sts\/\/2d8d607eebaed8ebe7ab545194237fae_1-1-thumb.webp\",\"width\":150,\"height\":150},{\"@type\":\"BreadcrumbList\",\"@id\":\"https:\/\/www.sts-education.com\/se\/high-school\/vara-utbytesstudenter\/studentberattelser\/barbara-var-pa-ett-utbytesar-i-costa-rica\/#breadcrumb\",\"itemListElement\":[{\"@type\":\"ListItem\",\"position\":1,\"name\":\"Home\",\"item\":\"https:\/\/www.sts-education.com\/se\/\"},{\"@type\":\"ListItem\",\"position\":2,\"name\":\"Barbara var p\u00e5 ett utbytes\u00e5r i Costa Rica\"}]},{\"@type\":\"WebSite\",\"@id\":\"https:\/\/www.sts-education.com\/se\/#website\",\"url\":\"https:\/\/www.sts-education.com\/se\/\",\"name\":\"STS Education\",\"description\":\"\",\"potentialAction\":[{\"@type\":\"SearchAction\",\"target\":{\"@type\":\"EntryPoint\",\"urlTemplate\":\"https:\/\/www.sts-education.com\/se\/?s={search_term_string}\"},\"query-input\":{\"@type\":\"PropertyValueSpecification\",\"valueRequired\":true,\"valueName\":\"search_term_string\"}}],\"inLanguage\":\"sv-SE\"},{\"@type\":\"Person\",\"@id\":\"https:\/\/www.sts-education.com\/se\/#\/schema\/person\/8b82f3a2e45f020b8f296d7a85d9a97c\",\"name\":\"syncreadwrite\",\"image\":{\"@type\":\"ImageObject\",\"inLanguage\":\"sv-SE\",\"@id\":\"https:\/\/secure.gravatar.com\/avatar\/6ed1007e4f6f43f22e3df41d9fce4365533cba47fef64bb359b8e629abbc2ea6?s=96&d=mm&r=g\",\"url\":\"https:\/\/secure.gravatar.com\/avatar\/6ed1007e4f6f43f22e3df41d9fce4365533cba47fef64bb359b8e629abbc2ea6?s=96&d=mm&r=g\",\"contentUrl\":\"https:\/\/secure.gravatar.com\/avatar\/6ed1007e4f6f43f22e3df41d9fce4365533cba47fef64bb359b8e629abbc2ea6?s=96&d=mm&r=g\",\"caption\":\"syncreadwrite\"},\"url\":\"https:\/\/www.sts-education.com\/se\/author\/syncreadwrite\/\"}]}<\/script>\n<!-- \/ Yoast SEO Premium plugin. -->","yoast_head_json":{"title":"Barbara var p\u00e5 ett utbytes\u00e5r i Costa Rica","description":"Jag best\u00e4mde mig f\u00f6r att \u00e5ka p\u00e5 ett utbytes\u00e5r eftersom jag ville utmana mig sj\u00e4lv och valde Costa Rica f\u00f6r att l\u00e4ra k\u00e4nna en annan del av v\u00e4rlden.","robots":{"index":"index","follow":"follow","max-snippet":"max-snippet:-1","max-image-preview":"max-image-preview:large","max-video-preview":"max-video-preview:-1"},"canonical":"https:\/\/www.sts-education.com\/se\/high-school\/vara-utbytesstudenter\/studentberattelser\/barbara-var-pa-ett-utbytesar-i-costa-rica\/","og_locale":"sv_SE","og_type":"article","og_title":"Barbara var p\u00e5 ett utbytes\u00e5r i Costa Rica","og_description":"Jag best\u00e4mde mig f\u00f6r att \u00e5ka p\u00e5 ett utbytes\u00e5r eftersom jag ville utmana mig sj\u00e4lv och valde Costa Rica f\u00f6r att l\u00e4ra k\u00e4nna en annan del av v\u00e4rlden.","og_url":"https:\/\/www.sts-education.com\/se\/high-school\/vara-utbytesstudenter\/studentberattelser\/barbara-var-pa-ett-utbytesar-i-costa-rica\/","og_site_name":"STS Education","article_published_time":"2023-03-30T10:00:00+00:00","article_modified_time":"2026-04-29T08:14:30+00:00","og_image":[{"width":150,"height":150,"url":"https:\/\/powered-by.qbank.se\/educatius\/sts\/\/2d8d607eebaed8ebe7ab545194237fae_1-1-thumb.webp","type":"image\/jpeg"}],"author":"syncreadwrite","twitter_card":"summary_large_image","twitter_misc":{"Skriven av":"syncreadwrite","Ber\u00e4knad l\u00e4stid":"3 minuter"},"schema":{"@context":"https:\/\/schema.org","@graph":[{"@type":"Article","@id":"https:\/\/www.sts-education.com\/se\/high-school\/vara-utbytesstudenter\/studentberattelser\/barbara-var-pa-ett-utbytesar-i-costa-rica\/#article","isPartOf":{"@id":"https:\/\/www.sts-education.com\/se\/high-school\/vara-utbytesstudenter\/studentberattelser\/barbara-var-pa-ett-utbytesar-i-costa-rica\/"},"author":{"name":"syncreadwrite","@id":"https:\/\/www.sts-education.com\/se\/#\/schema\/person\/8b82f3a2e45f020b8f296d7a85d9a97c"},"headline":"Barbara var p\u00e5 ett utbytes\u00e5r i Costa Rica","datePublished":"2023-03-30T10:00:00+00:00","dateModified":"2026-04-29T08:14:30+00:00","mainEntityOfPage":{"@id":"https:\/\/www.sts-education.com\/se\/high-school\/vara-utbytesstudenter\/studentberattelser\/barbara-var-pa-ett-utbytesar-i-costa-rica\/"},"wordCount":482,"commentCount":0,"image":{"@id":"https:\/\/www.sts-education.com\/se\/high-school\/vara-utbytesstudenter\/studentberattelser\/barbara-var-pa-ett-utbytesar-i-costa-rica\/#primaryimage"},"thumbnailUrl":"https:\/\/powered-by.qbank.se\/educatius\/sts\/\/2d8d607eebaed8ebe7ab545194237fae_1-1-thumb.webp","keywords":["Costa Rica"],"articleSection":["Okategoriserad"],"inLanguage":"sv-SE","potentialAction":[{"@type":"CommentAction","name":"Comment","target":["https:\/\/www.sts-education.com\/se\/high-school\/vara-utbytesstudenter\/studentberattelser\/barbara-var-pa-ett-utbytesar-i-costa-rica\/#respond"]}]},{"@type":"WebPage","@id":"https:\/\/www.sts-education.com\/se\/high-school\/vara-utbytesstudenter\/studentberattelser\/barbara-var-pa-ett-utbytesar-i-costa-rica\/","url":"https:\/\/www.sts-education.com\/se\/high-school\/vara-utbytesstudenter\/studentberattelser\/barbara-var-pa-ett-utbytesar-i-costa-rica\/","name":"Barbara var p\u00e5 ett utbytes\u00e5r i Costa Rica","isPartOf":{"@id":"https:\/\/www.sts-education.com\/se\/#website"},"primaryImageOfPage":{"@id":"https:\/\/www.sts-education.com\/se\/high-school\/vara-utbytesstudenter\/studentberattelser\/barbara-var-pa-ett-utbytesar-i-costa-rica\/#primaryimage"},"image":{"@id":"https:\/\/www.sts-education.com\/se\/high-school\/vara-utbytesstudenter\/studentberattelser\/barbara-var-pa-ett-utbytesar-i-costa-rica\/#primaryimage"},"thumbnailUrl":"https:\/\/powered-by.qbank.se\/educatius\/sts\/\/2d8d607eebaed8ebe7ab545194237fae_1-1-thumb.webp","datePublished":"2023-03-30T10:00:00+00:00","dateModified":"2026-04-29T08:14:30+00:00","author":{"@id":"https:\/\/www.sts-education.com\/se\/#\/schema\/person\/8b82f3a2e45f020b8f296d7a85d9a97c"},"description":"Jag best\u00e4mde mig f\u00f6r att \u00e5ka p\u00e5 ett utbytes\u00e5r eftersom jag ville utmana mig sj\u00e4lv och valde Costa Rica f\u00f6r att l\u00e4ra k\u00e4nna en annan del av v\u00e4rlden.","breadcrumb":{"@id":"https:\/\/www.sts-education.com\/se\/high-school\/vara-utbytesstudenter\/studentberattelser\/barbara-var-pa-ett-utbytesar-i-costa-rica\/#breadcrumb"},"inLanguage":"sv-SE","potentialAction":[{"@type":"ReadAction","target":["https:\/\/www.sts-education.com\/se\/high-school\/vara-utbytesstudenter\/studentberattelser\/barbara-var-pa-ett-utbytesar-i-costa-rica\/"]}]},{"@type":"ImageObject","inLanguage":"sv-SE","@id":"https:\/\/www.sts-education.com\/se\/high-school\/vara-utbytesstudenter\/studentberattelser\/barbara-var-pa-ett-utbytesar-i-costa-rica\/#primaryimage","url":"https:\/\/powered-by.qbank.se\/educatius\/sts\/\/2d8d607eebaed8ebe7ab545194237fae_1-1-thumb.webp","contentUrl":"https:\/\/powered-by.qbank.se\/educatius\/sts\/\/2d8d607eebaed8ebe7ab545194237fae_1-1-thumb.webp","width":150,"height":150},{"@type":"BreadcrumbList","@id":"https:\/\/www.sts-education.com\/se\/high-school\/vara-utbytesstudenter\/studentberattelser\/barbara-var-pa-ett-utbytesar-i-costa-rica\/#breadcrumb","itemListElement":[{"@type":"ListItem","position":1,"name":"Home","item":"https:\/\/www.sts-education.com\/se\/"},{"@type":"ListItem","position":2,"name":"Barbara var p\u00e5 ett utbytes\u00e5r i Costa Rica"}]},{"@type":"WebSite","@id":"https:\/\/www.sts-education.com\/se\/#website","url":"https:\/\/www.sts-education.com\/se\/","name":"STS Education","description":"","potentialAction":[{"@type":"SearchAction","target":{"@type":"EntryPoint","urlTemplate":"https:\/\/www.sts-education.com\/se\/?s={search_term_string}"},"query-input":{"@type":"PropertyValueSpecification","valueRequired":true,"valueName":"search_term_string"}}],"inLanguage":"sv-SE"},{"@type":"Person","@id":"https:\/\/www.sts-education.com\/se\/#\/schema\/person\/8b82f3a2e45f020b8f296d7a85d9a97c","name":"syncreadwrite","image":{"@type":"ImageObject","inLanguage":"sv-SE","@id":"https:\/\/secure.gravatar.com\/avatar\/6ed1007e4f6f43f22e3df41d9fce4365533cba47fef64bb359b8e629abbc2ea6?s=96&d=mm&r=g","url":"https:\/\/secure.gravatar.com\/avatar\/6ed1007e4f6f43f22e3df41d9fce4365533cba47fef64bb359b8e629abbc2ea6?s=96&d=mm&r=g","contentUrl":"https:\/\/secure.gravatar.com\/avatar\/6ed1007e4f6f43f22e3df41d9fce4365533cba47fef64bb359b8e629abbc2ea6?s=96&d=mm&r=g","caption":"syncreadwrite"},"url":"https:\/\/www.sts-education.com\/se\/author\/syncreadwrite\/"}]}},"_links":{"self":[{"href":"https:\/\/www.sts-education.com\/se\/wp-json\/wp\/v2\/posts\/11250","targetHints":{"allow":["GET"]}}],"collection":[{"href":"https:\/\/www.sts-education.com\/se\/wp-json\/wp\/v2\/posts"}],"about":[{"href":"https:\/\/www.sts-education.com\/se\/wp-json\/wp\/v2\/types\/post"}],"author":[{"embeddable":true,"href":"https:\/\/www.sts-education.com\/se\/wp-json\/wp\/v2\/users\/20"}],"replies":[{"embeddable":true,"href":"https:\/\/www.sts-education.com\/se\/wp-json\/wp\/v2\/comments?post=11250"}],"version-history":[{"count":8,"href":"https:\/\/www.sts-education.com\/se\/wp-json\/wp\/v2\/posts\/11250\/revisions"}],"predecessor-version":[{"id":43733,"href":"https:\/\/www.sts-education.com\/se\/wp-json\/wp\/v2\/posts\/11250\/revisions\/43733"}],"wp:featuredmedia":[{"embeddable":true,"href":"https:\/\/www.sts-education.com\/se\/wp-json\/wp\/v2\/media\/14650"}],"wp:attachment":[{"href":"https:\/\/www.sts-education.com\/se\/wp-json\/wp\/v2\/media?parent=11250"}],"wp:term":[{"taxonomy":"category","embeddable":true,"href":"https:\/\/www.sts-education.com\/se\/wp-json\/wp\/v2\/categories?post=11250"},{"taxonomy":"post_tag","embeddable":true,"href":"https:\/\/www.sts-education.com\/se\/wp-json\/wp\/v2\/tags?post=11250"},{"taxonomy":"wpw_post_folders","embeddable":true,"href":"https:\/\/www.sts-education.com\/se\/wp-json\/wp\/v2\/wpw_post_folders?post=11250"}],"curies":[{"name":"wp","href":"https:\/\/api.w.org\/{rel}","templated":true}]}}