{"id":11255,"date":"2020-12-21T12:00:00","date_gmt":"2020-12-21T10:00:00","guid":{"rendered":"https:\/\/preprod.sts-education.com\/blog\/2026\/03\/05\/albin-gick-pa-high-school-i-spanien\/"},"modified":"2026-04-29T10:15:08","modified_gmt":"2026-04-29T08:15:08","slug":"albin-gick-pa-high-school-i-spanien","status":"publish","type":"post","link":"https:\/\/www.sts-education.com\/se\/high-school\/vara-utbytesstudenter\/studentberattelser\/albin-gick-pa-high-school-i-spanien\/","title":{"rendered":"Albin gick p\u00e5 high school i Spanien"},"content":{"rendered":"\n<div class=\"wp-block-sts-text sts-text-editor has-max-width-md\"><div class=\"sts-text-editor__content\"><div class=\"sts-text-editor__content-inner\">\n<h1 style=\"text-align:center\">Albin gick p\u00e5 high school i Spanien<\/h1>\n<\/div><\/div><\/div>\n\n\n\n<figure class=\"wp-block-sts-image sts-block-image sts-block-image--count-1 has-max-width-lg\" data-count=\"1\"><div class=\"sts-block-image__grid\"><div class=\"sts-block-image__item\"><picture class=\"sts-responsive-image has-fit-cover has-pos-top is-skeleton\"><source media=\"(max-width: 834.98px)\" srcset=\"https:\/\/powered-by.qbank.se\/educatius\/sts\/a3fb3740778d53b2d89b66c70066151b_1-1-thumb.webp 150w, https:\/\/powered-by.qbank.se\/educatius\/sts\/a3fb3740778d53b2d89b66c70066151b_1-1-xsmall.webp 500w, https:\/\/powered-by.qbank.se\/educatius\/sts\/a3fb3740778d53b2d89b66c70066151b_1-1-small.webp 800w, https:\/\/powered-by.qbank.se\/educatius\/sts\/a3fb3740778d53b2d89b66c70066151b_1-1-medium.webp 1024w, https:\/\/powered-by.qbank.se\/educatius\/sts\/a3fb3740778d53b2d89b66c70066151b_1-1-large.webp 1536w\" sizes=\"(max-width: 768px) 100vw, (max-width: 1200px) 100vw, 1200px\" type=\"image\/webp\"\/><source media=\"(min-width: 835px)\" srcset=\"https:\/\/powered-by.qbank.se\/educatius\/sts\/a3fb3740778d53b2d89b66c70066151b_16-9-small.webp 800w, https:\/\/powered-by.qbank.se\/educatius\/sts\/a3fb3740778d53b2d89b66c70066151b_16-9-medium.webp 1024w, https:\/\/powered-by.qbank.se\/educatius\/sts\/a3fb3740778d53b2d89b66c70066151b_16-9-large.webp 1536w\" sizes=\"(max-width: 768px) 100vw, (max-width: 1200px) 100vw, 1200px\" type=\"image\/webp\"\/><img src=\"https:\/\/powered-by.qbank.se\/educatius\/sts\/a3fb3740778d53b2d89b66c70066151b_1-1-thumb.webp\" alt=\"Albin gick p\u00e5 high school i Spanien\" loading=\"lazy\" decoding=\"async\" fetchpriority=\"low\" style=\"object-position:top\"\/><\/picture><\/div><\/div><\/figure>\n\n\n\n<div class=\"wp-block-sts-text sts-text-editor has-max-width-md\"><div class=\"sts-text-editor__content\"><div class=\"sts-text-editor__content-inner\">\n<p><em>Albin fr\u00e5n Sverige reste p\u00e5 utbyte till Spanien.<\/em><\/p>\n<p>Jag hade alltid velat \u00e5ka p\u00e5 ett high school-utbyte f\u00f6r att uppleva ett annat s\u00e4tt att leva. Jag valde Spanien eftersom jag kunde lite spanska. Jag ville helst bo i Madrid och som tur var hittade jag en v\u00e4rdfamilj bara en timme bort, i staden Zaragoza.<\/p>\n<p>Min v\u00e4rdfamilj kunde inte ha varit b\u00e4ttre. De fanns alltid d\u00e4r f\u00f6r mig. De valde att vara v\u00e4rdfamilj f\u00f6r att de ville att deras sju\u00e5rige son skulle f\u00e5 en &quot;storebror&quot;. I geng\u00e4ld fick jag en s\u00e5 cool &quot;lillebror&quot;!<\/p>\n<\/div><\/div><\/div>\n\n\n\n<div class=\"wp-block-sts-text sts-text-editor has-max-width-md\"><div class=\"sts-text-editor__content\"><div class=\"sts-text-editor__content-inner\">\n<p>Min skola var en katolsk privatskola (d\u00e4r konstn\u00e4ren Goya gick!) och hade en n\u00e5got str\u00e4ngare stil \u00e4n vad jag var van vid i Sverige. Visst var det sv\u00e5rt i b\u00f6rjan, men ganska snart f\u00f6ll spr\u00e5ket p\u00e5 plats. Det var en enorm boost n\u00e4r jag f\u00f6rstod vad som sades och kunde f\u00f6rklara vad jag ville och hur jag k\u00e4nde!<\/p>\n<p>Jag \u00e4r verkligen stolt \u00f6ver att jag faktiskt v\u00e5gade \u00e5ka. Jag v\u00e4xte mycket eftersom det var lite som att flytta hemifr\u00e5n. Och jag kommer att b\u00e4ra med mig upplevelsen f\u00f6r alltid!<\/p>\n<h2>Vill du veta mer?<\/h2>\n<ul>\n<li>L\u00e4s fler <a href=\"https:\/\/www.sts-education.com\/se\/high-school\/vara-utbytesstudenter\/studentberattelser\/?hashtag=Spanien\">studentber\u00e4ttelser fr\u00e5n Spanien<\/a><\/li>\n<li>L\u00e4s mer om ett <a href=\"https:\/\/www.sts-education.com\/se\/high-school\/destinationer\/europa\/spanien\/\">high school-utbyte i Spanien<\/a><\/li>\n<li>Se alla v\u00e5ra <a href=\"\/se\/high-school\/tripfinder\/\">utbytesdestinationer f\u00f6r high school<\/a><\/li>\n<\/ul>\n<\/div><\/div><\/div>\n","protected":false},"excerpt":{"rendered":"","protected":false},"author":20,"featured_media":14660,"comment_status":"open","ping_status":"open","sticky":false,"template":"","format":"standard","meta":{"_acf_changed":false,"_yoast_wpseo_title":"Albin gick p\u00e5 high school i Spanien","_yoast_wpseo_metadesc":"Jag hade alltid velat \u00e5ka p\u00e5 ett high school-utbyte f\u00f6r att uppleva ett annat s\u00e4tt att leva. Jag valde Spanien eftersom jag kunde lite spanska.","footnotes":""},"categories":[326],"tags":[1046],"wpw_post_folders":[],"class_list":["post-11255","post","type-post","status-publish","format-standard","has-post-thumbnail","hentry","category-okategoriserad","tag-spanien"],"acf":[],"yoast_head":"<!-- This site is optimized with the Yoast SEO Premium plugin v27.2 (Yoast SEO v27.2) - https:\/\/yoast.com\/product\/yoast-seo-premium-wordpress\/ -->\n<title>Albin gick p\u00e5 high school i Spanien<\/title>\n<meta name=\"description\" content=\"Jag hade alltid velat \u00e5ka p\u00e5 ett high school-utbyte f\u00f6r att uppleva ett annat s\u00e4tt att leva. Jag valde Spanien eftersom jag kunde lite spanska.\" \/>\n<meta name=\"robots\" content=\"index, follow, max-snippet:-1, max-image-preview:large, max-video-preview:-1\" \/>\n<link rel=\"canonical\" href=\"https:\/\/www.sts-education.com\/se\/high-school\/vara-utbytesstudenter\/studentberattelser\/albin-gick-pa-high-school-i-spanien\/\" \/>\n<meta property=\"og:locale\" content=\"sv_SE\" \/>\n<meta property=\"og:type\" content=\"article\" \/>\n<meta property=\"og:title\" content=\"Albin gick p\u00e5 high school i Spanien\" \/>\n<meta property=\"og:description\" content=\"Jag hade alltid velat \u00e5ka p\u00e5 ett high school-utbyte f\u00f6r att uppleva ett annat s\u00e4tt att leva. Jag valde Spanien eftersom jag kunde lite spanska.\" \/>\n<meta property=\"og:url\" content=\"https:\/\/www.sts-education.com\/se\/high-school\/vara-utbytesstudenter\/studentberattelser\/albin-gick-pa-high-school-i-spanien\/\" \/>\n<meta property=\"og:site_name\" content=\"STS Education\" \/>\n<meta property=\"article:published_time\" content=\"2020-12-21T10:00:00+00:00\" \/>\n<meta property=\"article:modified_time\" content=\"2026-04-29T08:15:08+00:00\" \/>\n<meta name=\"author\" content=\"syncreadwrite\" \/>\n<meta name=\"twitter:card\" content=\"summary_large_image\" \/>\n<meta name=\"twitter:label1\" content=\"Skriven av\" \/>\n\t<meta name=\"twitter:data1\" content=\"syncreadwrite\" \/>\n\t<meta name=\"twitter:label2\" content=\"Ber\u00e4knad l\u00e4stid\" \/>\n\t<meta name=\"twitter:data2\" content=\"2 minuter\" \/>\n<script type=\"application\/ld+json\" class=\"yoast-schema-graph\">{\"@context\":\"https:\/\/schema.org\",\"@graph\":[{\"@type\":\"Article\",\"@id\":\"https:\/\/www.sts-education.com\/se\/high-school\/vara-utbytesstudenter\/studentberattelser\/albin-gick-pa-high-school-i-spanien\/#article\",\"isPartOf\":{\"@id\":\"https:\/\/www.sts-education.com\/se\/high-school\/vara-utbytesstudenter\/studentberattelser\/albin-gick-pa-high-school-i-spanien\/\"},\"author\":{\"name\":\"syncreadwrite\",\"@id\":\"https:\/\/www.sts-education.com\/se\/#\/schema\/person\/8b82f3a2e45f020b8f296d7a85d9a97c\"},\"headline\":\"Albin gick p\u00e5 high school i Spanien\",\"datePublished\":\"2020-12-21T10:00:00+00:00\",\"dateModified\":\"2026-04-29T08:15:08+00:00\",\"mainEntityOfPage\":{\"@id\":\"https:\/\/www.sts-education.com\/se\/high-school\/vara-utbytesstudenter\/studentberattelser\/albin-gick-pa-high-school-i-spanien\/\"},\"wordCount\":258,\"commentCount\":0,\"image\":{\"@id\":\"https:\/\/www.sts-education.com\/se\/high-school\/vara-utbytesstudenter\/studentberattelser\/albin-gick-pa-high-school-i-spanien\/#primaryimage\"},\"thumbnailUrl\":\"https:\/\/powered-by.qbank.se\/educatius\/sts\/\/a3fb3740778d53b2d89b66c70066151b_1-1-thumb.webp\",\"keywords\":[\"Spanien\"],\"articleSection\":[\"Okategoriserad\"],\"inLanguage\":\"sv-SE\",\"potentialAction\":[{\"@type\":\"CommentAction\",\"name\":\"Comment\",\"target\":[\"https:\/\/www.sts-education.com\/se\/high-school\/vara-utbytesstudenter\/studentberattelser\/albin-gick-pa-high-school-i-spanien\/#respond\"]}]},{\"@type\":\"WebPage\",\"@id\":\"https:\/\/www.sts-education.com\/se\/high-school\/vara-utbytesstudenter\/studentberattelser\/albin-gick-pa-high-school-i-spanien\/\",\"url\":\"https:\/\/www.sts-education.com\/se\/high-school\/vara-utbytesstudenter\/studentberattelser\/albin-gick-pa-high-school-i-spanien\/\",\"name\":\"Albin gick p\u00e5 high school i Spanien\",\"isPartOf\":{\"@id\":\"https:\/\/www.sts-education.com\/se\/#website\"},\"primaryImageOfPage\":{\"@id\":\"https:\/\/www.sts-education.com\/se\/high-school\/vara-utbytesstudenter\/studentberattelser\/albin-gick-pa-high-school-i-spanien\/#primaryimage\"},\"image\":{\"@id\":\"https:\/\/www.sts-education.com\/se\/high-school\/vara-utbytesstudenter\/studentberattelser\/albin-gick-pa-high-school-i-spanien\/#primaryimage\"},\"thumbnailUrl\":\"https:\/\/powered-by.qbank.se\/educatius\/sts\/\/a3fb3740778d53b2d89b66c70066151b_1-1-thumb.webp\",\"datePublished\":\"2020-12-21T10:00:00+00:00\",\"dateModified\":\"2026-04-29T08:15:08+00:00\",\"author\":{\"@id\":\"https:\/\/www.sts-education.com\/se\/#\/schema\/person\/8b82f3a2e45f020b8f296d7a85d9a97c\"},\"description\":\"Jag hade alltid velat \u00e5ka p\u00e5 ett high school-utbyte f\u00f6r att uppleva ett annat s\u00e4tt att leva. Jag valde Spanien eftersom jag kunde lite spanska.\",\"breadcrumb\":{\"@id\":\"https:\/\/www.sts-education.com\/se\/high-school\/vara-utbytesstudenter\/studentberattelser\/albin-gick-pa-high-school-i-spanien\/#breadcrumb\"},\"inLanguage\":\"sv-SE\",\"potentialAction\":[{\"@type\":\"ReadAction\",\"target\":[\"https:\/\/www.sts-education.com\/se\/high-school\/vara-utbytesstudenter\/studentberattelser\/albin-gick-pa-high-school-i-spanien\/\"]}]},{\"@type\":\"ImageObject\",\"inLanguage\":\"sv-SE\",\"@id\":\"https:\/\/www.sts-education.com\/se\/high-school\/vara-utbytesstudenter\/studentberattelser\/albin-gick-pa-high-school-i-spanien\/#primaryimage\",\"url\":\"https:\/\/powered-by.qbank.se\/educatius\/sts\/\/a3fb3740778d53b2d89b66c70066151b_1-1-thumb.webp\",\"contentUrl\":\"https:\/\/powered-by.qbank.se\/educatius\/sts\/\/a3fb3740778d53b2d89b66c70066151b_1-1-thumb.webp\",\"width\":150,\"height\":150},{\"@type\":\"BreadcrumbList\",\"@id\":\"https:\/\/www.sts-education.com\/se\/high-school\/vara-utbytesstudenter\/studentberattelser\/albin-gick-pa-high-school-i-spanien\/#breadcrumb\",\"itemListElement\":[{\"@type\":\"ListItem\",\"position\":1,\"name\":\"Home\",\"item\":\"https:\/\/www.sts-education.com\/se\/\"},{\"@type\":\"ListItem\",\"position\":2,\"name\":\"Albin gick p\u00e5 high school i Spanien\"}]},{\"@type\":\"WebSite\",\"@id\":\"https:\/\/www.sts-education.com\/se\/#website\",\"url\":\"https:\/\/www.sts-education.com\/se\/\",\"name\":\"STS Education\",\"description\":\"\",\"potentialAction\":[{\"@type\":\"SearchAction\",\"target\":{\"@type\":\"EntryPoint\",\"urlTemplate\":\"https:\/\/www.sts-education.com\/se\/?s={search_term_string}\"},\"query-input\":{\"@type\":\"PropertyValueSpecification\",\"valueRequired\":true,\"valueName\":\"search_term_string\"}}],\"inLanguage\":\"sv-SE\"},{\"@type\":\"Person\",\"@id\":\"https:\/\/www.sts-education.com\/se\/#\/schema\/person\/8b82f3a2e45f020b8f296d7a85d9a97c\",\"name\":\"syncreadwrite\",\"image\":{\"@type\":\"ImageObject\",\"inLanguage\":\"sv-SE\",\"@id\":\"https:\/\/secure.gravatar.com\/avatar\/6ed1007e4f6f43f22e3df41d9fce4365533cba47fef64bb359b8e629abbc2ea6?s=96&d=mm&r=g\",\"url\":\"https:\/\/secure.gravatar.com\/avatar\/6ed1007e4f6f43f22e3df41d9fce4365533cba47fef64bb359b8e629abbc2ea6?s=96&d=mm&r=g\",\"contentUrl\":\"https:\/\/secure.gravatar.com\/avatar\/6ed1007e4f6f43f22e3df41d9fce4365533cba47fef64bb359b8e629abbc2ea6?s=96&d=mm&r=g\",\"caption\":\"syncreadwrite\"},\"url\":\"https:\/\/www.sts-education.com\/se\/author\/syncreadwrite\/\"}]}<\/script>\n<!-- \/ Yoast SEO Premium plugin. -->","yoast_head_json":{"title":"Albin gick p\u00e5 high school i Spanien","description":"Jag hade alltid velat \u00e5ka p\u00e5 ett high school-utbyte f\u00f6r att uppleva ett annat s\u00e4tt att leva. Jag valde Spanien eftersom jag kunde lite spanska.","robots":{"index":"index","follow":"follow","max-snippet":"max-snippet:-1","max-image-preview":"max-image-preview:large","max-video-preview":"max-video-preview:-1"},"canonical":"https:\/\/www.sts-education.com\/se\/high-school\/vara-utbytesstudenter\/studentberattelser\/albin-gick-pa-high-school-i-spanien\/","og_locale":"sv_SE","og_type":"article","og_title":"Albin gick p\u00e5 high school i Spanien","og_description":"Jag hade alltid velat \u00e5ka p\u00e5 ett high school-utbyte f\u00f6r att uppleva ett annat s\u00e4tt att leva. Jag valde Spanien eftersom jag kunde lite spanska.","og_url":"https:\/\/www.sts-education.com\/se\/high-school\/vara-utbytesstudenter\/studentberattelser\/albin-gick-pa-high-school-i-spanien\/","og_site_name":"STS Education","article_published_time":"2020-12-21T10:00:00+00:00","article_modified_time":"2026-04-29T08:15:08+00:00","author":"syncreadwrite","twitter_card":"summary_large_image","twitter_misc":{"Skriven av":"syncreadwrite","Ber\u00e4knad l\u00e4stid":"2 minuter"},"schema":{"@context":"https:\/\/schema.org","@graph":[{"@type":"Article","@id":"https:\/\/www.sts-education.com\/se\/high-school\/vara-utbytesstudenter\/studentberattelser\/albin-gick-pa-high-school-i-spanien\/#article","isPartOf":{"@id":"https:\/\/www.sts-education.com\/se\/high-school\/vara-utbytesstudenter\/studentberattelser\/albin-gick-pa-high-school-i-spanien\/"},"author":{"name":"syncreadwrite","@id":"https:\/\/www.sts-education.com\/se\/#\/schema\/person\/8b82f3a2e45f020b8f296d7a85d9a97c"},"headline":"Albin gick p\u00e5 high school i Spanien","datePublished":"2020-12-21T10:00:00+00:00","dateModified":"2026-04-29T08:15:08+00:00","mainEntityOfPage":{"@id":"https:\/\/www.sts-education.com\/se\/high-school\/vara-utbytesstudenter\/studentberattelser\/albin-gick-pa-high-school-i-spanien\/"},"wordCount":258,"commentCount":0,"image":{"@id":"https:\/\/www.sts-education.com\/se\/high-school\/vara-utbytesstudenter\/studentberattelser\/albin-gick-pa-high-school-i-spanien\/#primaryimage"},"thumbnailUrl":"https:\/\/powered-by.qbank.se\/educatius\/sts\/\/a3fb3740778d53b2d89b66c70066151b_1-1-thumb.webp","keywords":["Spanien"],"articleSection":["Okategoriserad"],"inLanguage":"sv-SE","potentialAction":[{"@type":"CommentAction","name":"Comment","target":["https:\/\/www.sts-education.com\/se\/high-school\/vara-utbytesstudenter\/studentberattelser\/albin-gick-pa-high-school-i-spanien\/#respond"]}]},{"@type":"WebPage","@id":"https:\/\/www.sts-education.com\/se\/high-school\/vara-utbytesstudenter\/studentberattelser\/albin-gick-pa-high-school-i-spanien\/","url":"https:\/\/www.sts-education.com\/se\/high-school\/vara-utbytesstudenter\/studentberattelser\/albin-gick-pa-high-school-i-spanien\/","name":"Albin gick p\u00e5 high school i Spanien","isPartOf":{"@id":"https:\/\/www.sts-education.com\/se\/#website"},"primaryImageOfPage":{"@id":"https:\/\/www.sts-education.com\/se\/high-school\/vara-utbytesstudenter\/studentberattelser\/albin-gick-pa-high-school-i-spanien\/#primaryimage"},"image":{"@id":"https:\/\/www.sts-education.com\/se\/high-school\/vara-utbytesstudenter\/studentberattelser\/albin-gick-pa-high-school-i-spanien\/#primaryimage"},"thumbnailUrl":"https:\/\/powered-by.qbank.se\/educatius\/sts\/\/a3fb3740778d53b2d89b66c70066151b_1-1-thumb.webp","datePublished":"2020-12-21T10:00:00+00:00","dateModified":"2026-04-29T08:15:08+00:00","author":{"@id":"https:\/\/www.sts-education.com\/se\/#\/schema\/person\/8b82f3a2e45f020b8f296d7a85d9a97c"},"description":"Jag hade alltid velat \u00e5ka p\u00e5 ett high school-utbyte f\u00f6r att uppleva ett annat s\u00e4tt att leva. Jag valde Spanien eftersom jag kunde lite spanska.","breadcrumb":{"@id":"https:\/\/www.sts-education.com\/se\/high-school\/vara-utbytesstudenter\/studentberattelser\/albin-gick-pa-high-school-i-spanien\/#breadcrumb"},"inLanguage":"sv-SE","potentialAction":[{"@type":"ReadAction","target":["https:\/\/www.sts-education.com\/se\/high-school\/vara-utbytesstudenter\/studentberattelser\/albin-gick-pa-high-school-i-spanien\/"]}]},{"@type":"ImageObject","inLanguage":"sv-SE","@id":"https:\/\/www.sts-education.com\/se\/high-school\/vara-utbytesstudenter\/studentberattelser\/albin-gick-pa-high-school-i-spanien\/#primaryimage","url":"https:\/\/powered-by.qbank.se\/educatius\/sts\/\/a3fb3740778d53b2d89b66c70066151b_1-1-thumb.webp","contentUrl":"https:\/\/powered-by.qbank.se\/educatius\/sts\/\/a3fb3740778d53b2d89b66c70066151b_1-1-thumb.webp","width":150,"height":150},{"@type":"BreadcrumbList","@id":"https:\/\/www.sts-education.com\/se\/high-school\/vara-utbytesstudenter\/studentberattelser\/albin-gick-pa-high-school-i-spanien\/#breadcrumb","itemListElement":[{"@type":"ListItem","position":1,"name":"Home","item":"https:\/\/www.sts-education.com\/se\/"},{"@type":"ListItem","position":2,"name":"Albin gick p\u00e5 high school i Spanien"}]},{"@type":"WebSite","@id":"https:\/\/www.sts-education.com\/se\/#website","url":"https:\/\/www.sts-education.com\/se\/","name":"STS Education","description":"","potentialAction":[{"@type":"SearchAction","target":{"@type":"EntryPoint","urlTemplate":"https:\/\/www.sts-education.com\/se\/?s={search_term_string}"},"query-input":{"@type":"PropertyValueSpecification","valueRequired":true,"valueName":"search_term_string"}}],"inLanguage":"sv-SE"},{"@type":"Person","@id":"https:\/\/www.sts-education.com\/se\/#\/schema\/person\/8b82f3a2e45f020b8f296d7a85d9a97c","name":"syncreadwrite","image":{"@type":"ImageObject","inLanguage":"sv-SE","@id":"https:\/\/secure.gravatar.com\/avatar\/6ed1007e4f6f43f22e3df41d9fce4365533cba47fef64bb359b8e629abbc2ea6?s=96&d=mm&r=g","url":"https:\/\/secure.gravatar.com\/avatar\/6ed1007e4f6f43f22e3df41d9fce4365533cba47fef64bb359b8e629abbc2ea6?s=96&d=mm&r=g","contentUrl":"https:\/\/secure.gravatar.com\/avatar\/6ed1007e4f6f43f22e3df41d9fce4365533cba47fef64bb359b8e629abbc2ea6?s=96&d=mm&r=g","caption":"syncreadwrite"},"url":"https:\/\/www.sts-education.com\/se\/author\/syncreadwrite\/"}]}},"_links":{"self":[{"href":"https:\/\/www.sts-education.com\/se\/wp-json\/wp\/v2\/posts\/11255","targetHints":{"allow":["GET"]}}],"collection":[{"href":"https:\/\/www.sts-education.com\/se\/wp-json\/wp\/v2\/posts"}],"about":[{"href":"https:\/\/www.sts-education.com\/se\/wp-json\/wp\/v2\/types\/post"}],"author":[{"embeddable":true,"href":"https:\/\/www.sts-education.com\/se\/wp-json\/wp\/v2\/users\/20"}],"replies":[{"embeddable":true,"href":"https:\/\/www.sts-education.com\/se\/wp-json\/wp\/v2\/comments?post=11255"}],"version-history":[{"count":8,"href":"https:\/\/www.sts-education.com\/se\/wp-json\/wp\/v2\/posts\/11255\/revisions"}],"predecessor-version":[{"id":43752,"href":"https:\/\/www.sts-education.com\/se\/wp-json\/wp\/v2\/posts\/11255\/revisions\/43752"}],"wp:featuredmedia":[{"embeddable":true,"href":"https:\/\/www.sts-education.com\/se\/wp-json\/wp\/v2\/media\/14660"}],"wp:attachment":[{"href":"https:\/\/www.sts-education.com\/se\/wp-json\/wp\/v2\/media?parent=11255"}],"wp:term":[{"taxonomy":"category","embeddable":true,"href":"https:\/\/www.sts-education.com\/se\/wp-json\/wp\/v2\/categories?post=11255"},{"taxonomy":"post_tag","embeddable":true,"href":"https:\/\/www.sts-education.com\/se\/wp-json\/wp\/v2\/tags?post=11255"},{"taxonomy":"wpw_post_folders","embeddable":true,"href":"https:\/\/www.sts-education.com\/se\/wp-json\/wp\/v2\/wpw_post_folders?post=11255"}],"curies":[{"name":"wp","href":"https:\/\/api.w.org\/{rel}","templated":true}]}}